{"id":10023,"date":"2025-09-23T10:39:26","date_gmt":"2025-09-23T16:39:26","guid":{"rendered":"https:\/\/ambsanjose.esteri.it\/?p=10023"},"modified":"2025-09-23T10:49:55","modified_gmt":"2025-09-23T16:49:55","slug":"ees-un-sistema-de-gestion-de-fronteras-moderno-y-mas-eficiente-para-europa","status":"publish","type":"post","link":"https:\/\/ambsanjose.esteri.it\/es\/news\/dall_ambasciata\/2025\/09\/ees-un-sistema-de-gestion-de-fronteras-moderno-y-mas-eficiente-para-europa\/","title":{"rendered":"EES: Un sistema de gesti\u00f3n de fronteras moderno y m\u00e1s eficiente para Europa"},"content":{"rendered":"<p>El <strong>Sistema de Entradas y Salidas (EES) <\/strong>es el nuevo sistema de gesti\u00f3n de fronteras que se aplicar\u00e1 a los nacionales de Costa Rica y de otros pa\u00edses que viajen para una estancia de corta duraci\u00f3n cada vez que crucen las fronteras exteriores de <strong>29 pa\u00edses europeos<\/strong>.<\/p>\n<p>A partir del <strong>12 de octubre de 2025<\/strong>, los 29 pa\u00edses europeos que utilizan el EES empezar\u00e1n a introducir gradualmente el sistema en sus fronteras exteriores durante un periodo de 6 meses.<\/p>\n<p>Durante este tiempo, es posible que no se recopilen los datos de los viajeros de inmediato en todos los pasos fronterizos.<\/p>\n<p>Una vez completada la introducci\u00f3n gradual, el EES estar\u00e1 plenamente operativo en todos los pasos fronterizos exteriores.<\/p>\n<p><strong><br \/>\n\u00bfQu\u00e9 pa\u00edses europeos utilizan el EES?<\/strong><\/p>\n<p><em>Alemania, Austria, B\u00e9lgica, Bulgaria, Chequia, Croacia, Dinamarca, Eslovaquia, Eslovenia, Espa\u00f1a, Estonia, Finlandia, Francia, Grecia, Hungr\u00eda, Islandia, Italia, Letonia, Liechtenstein, Lituania, Luxemburgo, Malta, Noruega, Pa\u00edses Bajos, Polonia, Portugal, Ruman\u00eda, Suecia y Suiza.<\/em><\/p>\n<p><strong><br \/>\n\u00bfQui\u00e9nes se registrar\u00e1n en el EES?<\/strong><\/p>\n<p>Los nacionales de Costa Rica y de otros pa\u00edses que viajen a los pa\u00edses europeos que utilizan el EES para una estancia de corta duraci\u00f3n (de hasta noventa d\u00edas dentro de cualquier per\u00edodo de ciento ochenta d\u00edas).<\/p>\n<p>Los datos de los viajeros se registrar\u00e1n en el EES, independientemente de si necesitan un visado de corta duraci\u00f3n o est\u00e1n exentos de la obligaci\u00f3n de visado. Algunos viajeros est\u00e1n exentos de registro. Tambi\u00e9n se registrar\u00e1n los datos sobre los nacionales de terceros pa\u00edses a los que se haya denegado la entrada.<\/p>\n<p>El EES no introducir\u00e1 ning\u00fan requisito nuevo para las personas que ya pueden circular libremente por Europa.<\/p>\n<p><strong>\u00a0<\/strong><\/p>\n<p><strong>\u00bfQu\u00e9 datos recoge el EES?<\/strong><\/p>\n<ul>\n<li><em>Los datos personales de los documentos de viaje, como el nombre completo, la fecha de nacimiento y la nacionalidad.<\/em><\/li>\n<li><em>La fecha y el lugar de entrada y salida de los 29 pa\u00edses europeos que utilizan el EES.<\/em><\/li>\n<li><em>Datos biom\u00e9tricos, como huellas dactilares e im\u00e1genes faciales.<\/em><\/li>\n<li><em>Informaci\u00f3n sobre la denegaci\u00f3n de entrada, si procede.<\/em><\/li>\n<\/ul>\n<p><em>\u00a0<\/em><\/p>\n<p>Para obtener m\u00e1s informaci\u00f3n el EES, visite <strong><a href=\"https:\/\/travel-europe.europa.eu\">https:\/\/travel-europe.europa.eu<\/a>. \u00a0<\/strong><\/p>\n<figure id=\"attachment_10028\" aria-describedby=\"caption-attachment-10028\" style=\"width: 300px\" class=\"wp-caption alignleft\"><a href=\"https:\/\/ambsanjose.esteri.it\/wp-content\/uploads\/2025\/09\/EES_leaflet_A5_ES_digital.pdf\"><img loading=\"lazy\" decoding=\"async\" class=\"size-medium wp-image-10028 img-fluid\" src=\"https:\/\/ambsanjose.esteri.it\/wp-content\/uploads\/2025\/09\/EES-foglietto-300x223.png\" alt=\"\" width=\"300\" height=\"223\" srcset=\"https:\/\/ambsanjose.esteri.it\/wp-content\/uploads\/2025\/09\/EES-foglietto-300x223.png 300w, https:\/\/ambsanjose.esteri.it\/wp-content\/uploads\/2025\/09\/EES-foglietto.png 636w\" sizes=\"auto, (max-width: 300px) 100vw, 300px\" \/><\/a><figcaption id=\"caption-attachment-10028\" class=\"wp-caption-text\">Folleto EES<\/figcaption><\/figure>\n","protected":false},"excerpt":{"rendered":"El Sistema de Entradas y Salidas (EES) es el nuevo sistema de gesti\u00f3n de fronteras que se aplicar\u00e1 a los nacionales de Costa Rica y de otros pa\u00edses que viajen para una estancia de corta duraci\u00f3n cada vez que crucen las fronteras exteriores de 29 pa\u00edses europeos. A partir del 12 de octubre de 2025, [&hellip;]","protected":false},"author":5,"featured_media":10016,"comment_status":"closed","ping_status":"closed","sticky":false,"template":"","format":"standard","meta":{"footnotes":""},"tags":[15],"class_list":["post-10023","post","type-post","status-publish","format-standard","has-post-thumbnail","hentry","tag-unione-europea"],"_links":{"self":[{"href":"https:\/\/ambsanjose.esteri.it\/es\/wp-json\/wp\/v2\/posts\/10023","targetHints":{"allow":["GET"]}}],"collection":[{"href":"https:\/\/ambsanjose.esteri.it\/es\/wp-json\/wp\/v2\/posts"}],"about":[{"href":"https:\/\/ambsanjose.esteri.it\/es\/wp-json\/wp\/v2\/types\/post"}],"author":[{"embeddable":true,"href":"https:\/\/ambsanjose.esteri.it\/es\/wp-json\/wp\/v2\/users\/5"}],"replies":[{"embeddable":true,"href":"https:\/\/ambsanjose.esteri.it\/es\/wp-json\/wp\/v2\/comments?post=10023"}],"version-history":[{"count":3,"href":"https:\/\/ambsanjose.esteri.it\/es\/wp-json\/wp\/v2\/posts\/10023\/revisions"}],"predecessor-version":[{"id":10035,"href":"https:\/\/ambsanjose.esteri.it\/es\/wp-json\/wp\/v2\/posts\/10023\/revisions\/10035"}],"wp:featuredmedia":[{"embeddable":true,"href":"https:\/\/ambsanjose.esteri.it\/es\/wp-json\/wp\/v2\/media\/10016"}],"wp:attachment":[{"href":"https:\/\/ambsanjose.esteri.it\/es\/wp-json\/wp\/v2\/media?parent=10023"}],"wp:term":[{"taxonomy":"post_tag","embeddable":true,"href":"https:\/\/ambsanjose.esteri.it\/es\/wp-json\/wp\/v2\/tags?post=10023"}],"curies":[{"name":"wp","href":"https:\/\/api.w.org\/{rel}","templated":true}]}}