{"id":10836,"date":"2025-11-19T11:06:13","date_gmt":"2025-11-19T17:06:13","guid":{"rendered":"https:\/\/ambsanjose.esteri.it\/?p=10836"},"modified":"2025-11-19T11:08:30","modified_gmt":"2025-11-19T17:08:30","slug":"nuevo-episodio-del-podcast-de-la-embajada-de-italia","status":"publish","type":"post","link":"https:\/\/ambsanjose.esteri.it\/es\/news\/dall_ambasciata\/2025\/11\/nuevo-episodio-del-podcast-de-la-embajada-de-italia\/","title":{"rendered":"Nuevo episodio del podcast de la Embajada de Italia"},"content":{"rendered":"<p>Nuevo episodio de \u00ab<strong>Italia-Costa Rica: un puente entre dos pa\u00edses<\/strong>\u00bb, el nuevo podcast de la Embajada de Italia en San Jos\u00e9.<\/p>\n<p>Este episodio \ud83c\udf99\ufe0f est\u00e1 dedicado al <strong>f\u00fatbol en Costa Rica,<\/strong> un interesante fen\u00f3meno social y cultural que, en algunas \u00e9pocas, ha contribuido a la formaci\u00f3n de la identidad nacional.<\/p>\n<p>El episodio est\u00e1 disponible desde hoy en Spreaker (<a href=\"https:\/\/www.spreaker.com\/episode\/episodio-2-costa-rica-e-il-calcio-la-favola-di-italia-90-e-brasile-2014--68606413\">https:\/\/www.spreaker.com\/episode\/episodio-2-costa-rica-e-il-calcio-la-favola-di-italia-90-e-brasile-2014&#8211;68606413<\/a>).<\/p>\n","protected":false},"excerpt":{"rendered":"Nuevo episodio de \u00abItalia-Costa Rica: un puente entre dos pa\u00edses\u00bb, el nuevo podcast de la Embajada de Italia en San Jos\u00e9. Este episodio \ud83c\udf99\ufe0f est\u00e1 dedicado al f\u00fatbol en Costa Rica, un interesante fen\u00f3meno social y cultural que, en algunas \u00e9pocas, ha contribuido a la formaci\u00f3n de la identidad nacional. El episodio est\u00e1 disponible desde [&hellip;]","protected":false},"author":5,"featured_media":10784,"comment_status":"closed","ping_status":"closed","sticky":false,"template":"","format":"standard","meta":{"footnotes":""},"tags":[7,12,14],"class_list":["post-10836","post","type-post","status-publish","format-standard","has-post-thumbnail","hentry","tag-diplomazia-culturale","tag-italiani-nel-mondo","tag-politica-estera"],"_links":{"self":[{"href":"https:\/\/ambsanjose.esteri.it\/es\/wp-json\/wp\/v2\/posts\/10836","targetHints":{"allow":["GET"]}}],"collection":[{"href":"https:\/\/ambsanjose.esteri.it\/es\/wp-json\/wp\/v2\/posts"}],"about":[{"href":"https:\/\/ambsanjose.esteri.it\/es\/wp-json\/wp\/v2\/types\/post"}],"author":[{"embeddable":true,"href":"https:\/\/ambsanjose.esteri.it\/es\/wp-json\/wp\/v2\/users\/5"}],"replies":[{"embeddable":true,"href":"https:\/\/ambsanjose.esteri.it\/es\/wp-json\/wp\/v2\/comments?post=10836"}],"version-history":[{"count":2,"href":"https:\/\/ambsanjose.esteri.it\/es\/wp-json\/wp\/v2\/posts\/10836\/revisions"}],"predecessor-version":[{"id":10839,"href":"https:\/\/ambsanjose.esteri.it\/es\/wp-json\/wp\/v2\/posts\/10836\/revisions\/10839"}],"wp:featuredmedia":[{"embeddable":true,"href":"https:\/\/ambsanjose.esteri.it\/es\/wp-json\/wp\/v2\/media\/10784"}],"wp:attachment":[{"href":"https:\/\/ambsanjose.esteri.it\/es\/wp-json\/wp\/v2\/media?parent=10836"}],"wp:term":[{"taxonomy":"post_tag","embeddable":true,"href":"https:\/\/ambsanjose.esteri.it\/es\/wp-json\/wp\/v2\/tags?post=10836"}],"curies":[{"name":"wp","href":"https:\/\/api.w.org\/{rel}","templated":true}]}}