{"id":11718,"date":"2026-03-10T09:29:48","date_gmt":"2026-03-10T15:29:48","guid":{"rendered":"https:\/\/ambsanjose.esteri.it\/?p=11718"},"modified":"2026-03-11T08:24:12","modified_gmt":"2026-03-11T14:24:12","slug":"curso-de-formacion-superior-la-digitalizacion-del-patrimonio-cultural-una-comparacion-entre-italia-y-america-latina","status":"publish","type":"post","link":"https:\/\/ambsanjose.esteri.it\/es\/news\/dall_ambasciata\/2026\/03\/curso-de-formacion-superior-la-digitalizacion-del-patrimonio-cultural-una-comparacion-entre-italia-y-america-latina\/","title":{"rendered":"Curso de formaci\u00f3n superior: \u00abLa digitalizaci\u00f3n del patrimonio cultural: una comparaci\u00f3n entre Italia y Am\u00e9rica Latina\u00bb"},"content":{"rendered":"<p>La Organizaci\u00f3n Internacional Italo-Latinoamericana (IILA), en colaboraci\u00f3n con la Escuela Nacional del Patrimonio y las Actividades Culturales y la Direcci\u00f3n General de Digitalizaci\u00f3n y Comunicaci\u00f3n del Ministerio de Cultura italiano, organiza el <strong>curso de formaci\u00f3n superior \u00abLa digitalizaci\u00f3n del patrimonio cultural: una comparaci\u00f3n entre Italia y Am\u00e9rica Latina\u00bb.<\/strong><\/p>\n<p>La iniciativa se lleva a cabo gracias a la financiaci\u00f3n de la Cooperaci\u00f3n Italiana y cuenta con la participaci\u00f3n del Comando Carabinieri Tutela del Patrimonio Cultural (CCTPC) y del ICCROM.<\/p>\n<p>El curso se desarrollar\u00e1 en dos m\u00f3dulos, en l\u00ednea y presencial en Roma, y est\u00e1 dirigido a 120 participantes procedentes de los veinte pa\u00edses latinoamericanos miembros de la ILA: Argentina, Bolivia, Brasil, Chile, Colombia, <strong>Costa Rica,<\/strong> Cuba, Ecuador, El Salvador, Guatemala, Hait\u00ed, Honduras, M\u00e9xico, Nicaragua, Panam\u00e1, Paraguay, Per\u00fa, Rep\u00fablica Dominicana, Uruguay y Venezuela.<\/p>\n<p>Est\u00e1 prevista la participaci\u00f3n de <strong>100 profesionales seleccionados por la ILA para el m\u00f3dulo en l\u00ednea y de 20 altos funcionarios<\/strong> (uno por pa\u00eds), cuyas candidaturas deber\u00e1n ser aprobadas oficialmente por la instituci\u00f3n de procedencia.<\/p>\n<p>La selecci\u00f3n final de los 20 participantes la realizar\u00e1 el IILA, bas\u00e1ndose en criterios de m\u00e9rito y relevancia institucional.<\/p>\n<p>La <strong>convocatoria<\/strong> para participar en el curso, que finaliza el 8 de abril de 2026, est\u00e1 disponible <a href=\"https:\/\/ambsanjose.esteri.it\/wp-content\/uploads\/2026\/03\/ESP_Convocatoria_curso_digitalizacion_patrimonio_cultural.pdf\"><strong>aqu\u00ed<\/strong><\/a>.<\/p>\n","protected":false},"excerpt":{"rendered":"La Organizaci\u00f3n Internacional Italo-Latinoamericana (IILA), en colaboraci\u00f3n con la Escuela Nacional del Patrimonio y las Actividades Culturales y la Direcci\u00f3n General de Digitalizaci\u00f3n y Comunicaci\u00f3n del Ministerio de Cultura italiano, organiza el curso de formaci\u00f3n superior \u00abLa digitalizaci\u00f3n del patrimonio cultural: una comparaci\u00f3n entre Italia y Am\u00e9rica Latina\u00bb. La iniciativa se lleva a cabo gracias [&hellip;]","protected":false},"author":5,"featured_media":11710,"comment_status":"closed","ping_status":"closed","sticky":false,"template":"","format":"standard","meta":{"footnotes":""},"tags":[5,7],"class_list":["post-11718","post","type-post","status-publish","format-standard","has-post-thumbnail","hentry","tag-cooperazione-allo-sviluppo","tag-diplomazia-culturale"],"_links":{"self":[{"href":"https:\/\/ambsanjose.esteri.it\/es\/wp-json\/wp\/v2\/posts\/11718","targetHints":{"allow":["GET"]}}],"collection":[{"href":"https:\/\/ambsanjose.esteri.it\/es\/wp-json\/wp\/v2\/posts"}],"about":[{"href":"https:\/\/ambsanjose.esteri.it\/es\/wp-json\/wp\/v2\/types\/post"}],"author":[{"embeddable":true,"href":"https:\/\/ambsanjose.esteri.it\/es\/wp-json\/wp\/v2\/users\/5"}],"replies":[{"embeddable":true,"href":"https:\/\/ambsanjose.esteri.it\/es\/wp-json\/wp\/v2\/comments?post=11718"}],"version-history":[{"count":3,"href":"https:\/\/ambsanjose.esteri.it\/es\/wp-json\/wp\/v2\/posts\/11718\/revisions"}],"predecessor-version":[{"id":11722,"href":"https:\/\/ambsanjose.esteri.it\/es\/wp-json\/wp\/v2\/posts\/11718\/revisions\/11722"}],"wp:featuredmedia":[{"embeddable":true,"href":"https:\/\/ambsanjose.esteri.it\/es\/wp-json\/wp\/v2\/media\/11710"}],"wp:attachment":[{"href":"https:\/\/ambsanjose.esteri.it\/es\/wp-json\/wp\/v2\/media?parent=11718"}],"wp:term":[{"taxonomy":"post_tag","embeddable":true,"href":"https:\/\/ambsanjose.esteri.it\/es\/wp-json\/wp\/v2\/tags?post=11718"}],"curies":[{"name":"wp","href":"https:\/\/api.w.org\/{rel}","templated":true}]}}