{"id":12326,"date":"2026-04-28T09:42:41","date_gmt":"2026-04-28T15:42:41","guid":{"rendered":"https:\/\/ambsanjose.esteri.it\/?p=12326"},"modified":"2026-04-28T09:47:57","modified_gmt":"2026-04-28T15:47:57","slug":"lista-definitiva-de-los-candidatos-seleccionados-para-contratacion-de-un-empleado-que-desempenara-funciones-de-asistente-administrativo-en-la-embajada-de-italia","status":"publish","type":"post","link":"https:\/\/ambsanjose.esteri.it\/es\/news\/dall_ambasciata\/2026\/04\/lista-definitiva-de-los-candidatos-seleccionados-para-contratacion-de-un-empleado-que-desempenara-funciones-de-asistente-administrativo-en-la-embajada-de-italia\/","title":{"rendered":"Lista definitiva de los candidatos seleccionados para contrataci\u00f3n de un empleado que desempe\u00f1ar\u00e1 funciones de asistente administrativo en la Embajada de Italia"},"content":{"rendered":"<p>Se ha publicado la <a href=\"https:\/\/ambsanjose.esteri.it\/wp-content\/uploads\/2026\/04\/Graduatoria-finale-degli-idonei.pdf\"><strong>lista definitiva<\/strong> de los candidatos <strong>seleccionados<\/strong><\/a> para el proceso de contrataci\u00f3n de un empleado que desempe\u00f1ar\u00e1 funciones de asistente administrativo en la Embajada de Italia.<\/p>\n","protected":false},"excerpt":{"rendered":"Se ha publicado la lista definitiva de los candidatos seleccionados para el proceso de contrataci\u00f3n de un empleado que desempe\u00f1ar\u00e1 funciones de asistente administrativo en la Embajada de Italia.","protected":false},"author":5,"featured_media":11404,"comment_status":"closed","ping_status":"closed","sticky":false,"template":"","format":"standard","meta":{"footnotes":""},"tags":[12,14],"class_list":["post-12326","post","type-post","status-publish","format-standard","has-post-thumbnail","hentry","tag-italiani-nel-mondo","tag-politica-estera"],"_links":{"self":[{"href":"https:\/\/ambsanjose.esteri.it\/es\/wp-json\/wp\/v2\/posts\/12326","targetHints":{"allow":["GET"]}}],"collection":[{"href":"https:\/\/ambsanjose.esteri.it\/es\/wp-json\/wp\/v2\/posts"}],"about":[{"href":"https:\/\/ambsanjose.esteri.it\/es\/wp-json\/wp\/v2\/types\/post"}],"author":[{"embeddable":true,"href":"https:\/\/ambsanjose.esteri.it\/es\/wp-json\/wp\/v2\/users\/5"}],"replies":[{"embeddable":true,"href":"https:\/\/ambsanjose.esteri.it\/es\/wp-json\/wp\/v2\/comments?post=12326"}],"version-history":[{"count":2,"href":"https:\/\/ambsanjose.esteri.it\/es\/wp-json\/wp\/v2\/posts\/12326\/revisions"}],"predecessor-version":[{"id":12332,"href":"https:\/\/ambsanjose.esteri.it\/es\/wp-json\/wp\/v2\/posts\/12326\/revisions\/12332"}],"wp:featuredmedia":[{"embeddable":true,"href":"https:\/\/ambsanjose.esteri.it\/es\/wp-json\/wp\/v2\/media\/11404"}],"wp:attachment":[{"href":"https:\/\/ambsanjose.esteri.it\/es\/wp-json\/wp\/v2\/media?parent=12326"}],"wp:term":[{"taxonomy":"post_tag","embeddable":true,"href":"https:\/\/ambsanjose.esteri.it\/es\/wp-json\/wp\/v2\/tags?post=12326"}],"curies":[{"name":"wp","href":"https:\/\/api.w.org\/{rel}","templated":true}]}}