{"id":1340,"date":"2023-10-25T21:14:38","date_gmt":"2023-10-26T03:14:38","guid":{"rendered":"https:\/\/ambsanjose.esteri.it\/news\/dall_ambasciata\/2023\/10\/premio-farnesina-italian-bilateral-2\/"},"modified":"2023-11-13T13:52:32","modified_gmt":"2023-11-13T19:52:32","slug":"premio-farnesina-italian-bilateral-2","status":"publish","type":"post","link":"https:\/\/ambsanjose.esteri.it\/es\/news\/dall_ambasciata\/2023\/10\/premio-farnesina-italian-bilateral-2\/","title":{"rendered":"Premio Farnesina \u2013 Italian bilateral scientific cooperation award"},"content":{"rendered":"<p>El Ministerio de Asuntos Exteriores italiano informa que est\u00e1n abiertas las inscripciones para el premio: \u201cPremio Farnesina \u2013 Premio italiano de cooperaci\u00f3n cient\u00edfica bilateral\u201d.<\/p>\n<p>El premio, que ya va por su sexta edici\u00f3n, est\u00e1 dedicado a investigadores italianos que se hayan distinguido en el contexto del pa\u00eds en el que operan. En esta edici\u00f3n, la convocatoria se dirige a investigadores menores de 35 a\u00f1os que hayan contribuido significativamente al progreso de la ciencia y la tecnolog\u00eda (C&amp;T) realizando sus investigaciones en el extranjero, mejorando as\u00ed las relaciones de C&amp;T de Italia con pa\u00edses extranjeros y organizaciones internacionales.<\/p>\n<p>Las solicitudes ser\u00e1n examinadas por un comit\u00e9 cient\u00edfico creado, as\u00ed como por el Ministerio de Universidades y Asuntos Exteriores, por los presidentes de los principales centros de investigaci\u00f3n y por la Conferencia de los Rectores de las Universidades Italianas (CRUI).<\/p>\n<p><strong>Las solicitudes deben recibirse antes del 31 de diciembre de 2023.<\/strong><\/p>\n<p>Para obtener m\u00e1s informaci\u00f3n, consulte el anuncio de <a href=\"resource\/doc\/2023\/10\/all._1_pt_italian_bilateral_cooperation_award_call_for_nominations_2024_22_9-2.docx\">licitaci\u00f3n y el modelo de propuesta de solicitud<\/a>.<\/p>\n<p><img loading=\"lazy\" decoding=\"async\" style=\"display: block; margin-left: auto; margin-right: auto;\" src=\"resource\/img\/2023\/10\/1_ita_2.png\" alt=\"1 ita 2\" width=\"500\" height=\"500\" \/><\/p>\n","protected":false},"excerpt":{"rendered":"El Ministerio de Asuntos Exteriores italiano informa que est\u00e1n abiertas las inscripciones para el premio: \u201cPremio Farnesina \u2013 Premio italiano de cooperaci\u00f3n cient\u00edfica bilateral\u201d. El premio, que ya va por su sexta edici\u00f3n, est\u00e1 dedicado a investigadores italianos que se hayan distinguido en el contexto del pa\u00eds en el que operan. En esta edici\u00f3n, la [&hellip;]","protected":false},"author":1,"featured_media":0,"comment_status":"closed","ping_status":"closed","sticky":false,"template":"","format":"standard","meta":{"footnotes":""},"tags":[],"class_list":["post-1340","post","type-post","status-publish","format-standard","hentry"],"_links":{"self":[{"href":"https:\/\/ambsanjose.esteri.it\/es\/wp-json\/wp\/v2\/posts\/1340","targetHints":{"allow":["GET"]}}],"collection":[{"href":"https:\/\/ambsanjose.esteri.it\/es\/wp-json\/wp\/v2\/posts"}],"about":[{"href":"https:\/\/ambsanjose.esteri.it\/es\/wp-json\/wp\/v2\/types\/post"}],"author":[{"embeddable":true,"href":"https:\/\/ambsanjose.esteri.it\/es\/wp-json\/wp\/v2\/users\/1"}],"replies":[{"embeddable":true,"href":"https:\/\/ambsanjose.esteri.it\/es\/wp-json\/wp\/v2\/comments?post=1340"}],"version-history":[{"count":1,"href":"https:\/\/ambsanjose.esteri.it\/es\/wp-json\/wp\/v2\/posts\/1340\/revisions"}],"predecessor-version":[{"id":2271,"href":"https:\/\/ambsanjose.esteri.it\/es\/wp-json\/wp\/v2\/posts\/1340\/revisions\/2271"}],"wp:attachment":[{"href":"https:\/\/ambsanjose.esteri.it\/es\/wp-json\/wp\/v2\/media?parent=1340"}],"wp:term":[{"taxonomy":"post_tag","embeddable":true,"href":"https:\/\/ambsanjose.esteri.it\/es\/wp-json\/wp\/v2\/tags?post=1340"}],"curies":[{"name":"wp","href":"https:\/\/api.w.org\/{rel}","templated":true}]}}