{"id":13462,"date":"2026-09-03T10:58:56","date_gmt":"2026-09-03T16:58:56","guid":{"rendered":"https:\/\/ambsanjose.esteri.it\/?p=13462"},"modified":"2026-09-03T14:43:22","modified_gmt":"2026-09-03T20:43:22","slug":"convocatoria-de-las-elecciones-de-los-comites-2026","status":"publish","type":"post","link":"https:\/\/ambsanjose.esteri.it\/es\/news\/dall_ambasciata\/2026\/09\/convocatoria-de-las-elecciones-de-los-comites-2026\/","title":{"rendered":"Convocatoria de las elecciones de los COM.IT.ES. 2026"},"content":{"rendered":"<p class=\"isSelectedEnd\">Mediante decreto consular de la Embajadora de Italia en San Jos\u00e9 se convocan las elecciones para la constituci\u00f3n y renovaci\u00f3n del Comit\u00e9 de los Italianos en el Exterior de San Jos\u00e9.<\/p>\n<p class=\"isSelectedEnd\">La fecha de las elecciones se ha fijado para el <strong>4 de diciembre de 2026<\/strong>. Esta fecha corresponde al \u00faltimo d\u00eda h\u00e1bil para hacer llegar al consulado de referencia el sobre que contiene la papeleta electoral debidamente marcada.<\/p>\n<p class=\"isSelectedEnd\">Para participar en la votaci\u00f3n es necesario inscribirse en el registro de electores de su consulado de referencia, presentando la correspondiente solicitud de opci\u00f3n inversa (<a href=\"https:\/\/ambsanjose.esteri.it\/wp-content\/uploads\/2026\/08\/Modello-opzione-inversa-COMITES-1.pdf\">descargar aqu\u00ed<\/a>) <strong>a m\u00e1s tardar el 4 de noviembre de 2026<\/strong>.<\/p>\n<p>El comit\u00e9 que ser\u00e1 elegido estar\u00e1 integrado por doce miembros, de acuerdo con el n\u00famero de ciudadanos que conforman la colectividad residente. Mediante el decreto tambi\u00e9n se establece la Oficina Electoral encargada de llevar a cabo las operaciones electorales.<\/p>\n","protected":false},"excerpt":{"rendered":"Mediante decreto consular de la Embajadora de Italia en San Jos\u00e9 se convocan las elecciones para la constituci\u00f3n y renovaci\u00f3n del Comit\u00e9 de los Italianos en el Exterior de San Jos\u00e9. La fecha de las elecciones se ha fijado para el 4 de diciembre de 2026. Esta fecha corresponde al \u00faltimo d\u00eda h\u00e1bil para hacer [&hellip;]","protected":false},"author":9,"featured_media":13418,"comment_status":"closed","ping_status":"closed","sticky":false,"template":"","format":"standard","meta":{"footnotes":""},"tags":[11],"class_list":["post-13462","post","type-post","status-publish","format-standard","has-post-thumbnail","hentry","tag-elezioni"],"_links":{"self":[{"href":"https:\/\/ambsanjose.esteri.it\/es\/wp-json\/wp\/v2\/posts\/13462","targetHints":{"allow":["GET"]}}],"collection":[{"href":"https:\/\/ambsanjose.esteri.it\/es\/wp-json\/wp\/v2\/posts"}],"about":[{"href":"https:\/\/ambsanjose.esteri.it\/es\/wp-json\/wp\/v2\/types\/post"}],"author":[{"embeddable":true,"href":"https:\/\/ambsanjose.esteri.it\/es\/wp-json\/wp\/v2\/users\/9"}],"replies":[{"embeddable":true,"href":"https:\/\/ambsanjose.esteri.it\/es\/wp-json\/wp\/v2\/comments?post=13462"}],"version-history":[{"count":3,"href":"https:\/\/ambsanjose.esteri.it\/es\/wp-json\/wp\/v2\/posts\/13462\/revisions"}],"predecessor-version":[{"id":13505,"href":"https:\/\/ambsanjose.esteri.it\/es\/wp-json\/wp\/v2\/posts\/13462\/revisions\/13505"}],"wp:featuredmedia":[{"embeddable":true,"href":"https:\/\/ambsanjose.esteri.it\/es\/wp-json\/wp\/v2\/media\/13418"}],"wp:attachment":[{"href":"https:\/\/ambsanjose.esteri.it\/es\/wp-json\/wp\/v2\/media?parent=13462"}],"wp:term":[{"taxonomy":"post_tag","embeddable":true,"href":"https:\/\/ambsanjose.esteri.it\/es\/wp-json\/wp\/v2\/tags?post=13462"}],"curies":[{"name":"wp","href":"https:\/\/api.w.org\/{rel}","templated":true}]}}