{"id":13477,"date":"2026-09-03T14:46:10","date_gmt":"2026-09-03T20:46:10","guid":{"rendered":"https:\/\/ambsanjose.esteri.it\/?p=13477"},"modified":"2026-09-03T14:46:10","modified_gmt":"2026-09-03T20:46:10","slug":"elecciones-com-it-es-2026-preparacion-y-presentacion-de-las-listas-electorales","status":"publish","type":"post","link":"https:\/\/ambsanjose.esteri.it\/es\/news\/dall_ambasciata\/2026\/09\/elecciones-com-it-es-2026-preparacion-y-presentacion-de-las-listas-electorales\/","title":{"rendered":"Elecciones COM.IT.ES. 2026 \u2013 Preparaci\u00f3n y presentaci\u00f3n de las listas electorales"},"content":{"rendered":"<p class=\"isSelectedEnd\"><strong>Preparaci\u00f3n y presentaci\u00f3n de las listas electorales<\/strong><\/p>\n<p class=\"isSelectedEnd\">Mediante <strong>decreto consular del 3 de septiembre de 2026<\/strong> de la Embajadora de Italia en San Jos\u00e9 se convocan las elecciones para la constituci\u00f3n y renovaci\u00f3n del Comit\u00e9 de los Italianos en el Exterior de San Jos\u00e9.<\/p>\n<p class=\"isSelectedEnd\">La fecha de las elecciones se ha fijado para el <strong>4 de diciembre de 2026<\/strong>.<\/p>\n<p class=\"isSelectedEnd\">De conformidad con el art. 14 del DPR 395\/2003, las listas podr\u00e1n ser <strong>presentadas ante la Oficina Electoral<\/strong> <strong>del 23 de septiembre al 3 de octubre de 2026.<\/strong><\/p>\n<p class=\"isSelectedEnd\">La recopilaci\u00f3n de firmas, la suscripci\u00f3n de las listas y las correspondientes autenticaciones pueden realizarse desde ahora.<\/p>\n<p class=\"isSelectedEnd\">Las listas estar\u00e1n integradas por un n\u00famero de candidatos al menos igual al n\u00famero de miembros del Comit\u00e9 que ser\u00e1n elegidos y no superior a 16 para los Com.It.Es. compuestos por 12 miembros, como en el caso de San Jos\u00e9.<\/p>\n<p class=\"isSelectedEnd\">Las listas, cada una de ellas provista de su propio s\u00edmbolo, ser\u00e1n presentadas por uno de los candidatos o por uno de los suscriptores. El presentador de la lista deber\u00e1 indicar su domicilio a efectos de las posteriores notificaciones.<\/p>\n<p class=\"isSelectedEnd\"><strong>Documentaci\u00f3n<\/strong><\/p>\n<p class=\"isSelectedEnd\">Las declaraciones de presentaci\u00f3n de las listas de candidatos pueden ser firmadas en actas (hojas) separadas. Las actas separadas de recopilaci\u00f3n de firmas deber\u00e1n incluir el s\u00edmbolo de la lista, as\u00ed como todos los nombres de los candidatos.<\/p>\n<p class=\"isSelectedEnd\">Cada lista de candidatos (cada uno con apellido, nombre, lugar y fecha de nacimiento, as\u00ed como el n\u00famero progresivo asignado por el presentador de la lista) deber\u00e1 ir acompa\u00f1ada de la siguiente documentaci\u00f3n:<\/p>\n<ol start=\"1\" data-spread=\"false\">\n<li><strong>las declaraciones de aceptaci\u00f3n de la candidatura<\/strong> por parte de cada candidato, firmadas y autenticadas;<\/li>\n<li><strong>los certificados, incluso colectivos, que acrediten la inscripci\u00f3n de los electores en las listas electorales de la respectiva circunscripci\u00f3n.<\/strong> Dichos certificados ser\u00e1n expedidos por la oficina consular a solicitud de los interesados y sobre la base de la documentaci\u00f3n en poder de la propia oficina, <strong>a partir del 18 de septiembre,<\/strong> dentro del plazo improrrogable de veinticuatro horas desde la solicitud (DPR 395\/2003, art. 14, apdo. 8);<\/li>\n<li><strong>la designaci\u00f3n de un representante titular y de uno suplente<\/strong> para el comit\u00e9 electoral de la circunscripci\u00f3n;<\/li>\n<li><strong>las firmas exigidas por la ley con las correspondientes autenticaciones<\/strong>. Para cada suscriptor, la lista deber\u00e1 indicar el apellido, el nombre, el lugar, la fecha de nacimiento y la certificaci\u00f3n electoral a la que se refiere el punto b).<\/li>\n<\/ol>\n<p class=\"isSelectedEnd\">Se recuerda que cada lista, provista de su propio s\u00edmbolo, ser\u00e1 presentada por uno de los candidatos o por uno de los suscriptores ante la Oficina Electoral, durante el horario de oficina, <strong>del 23 de septiembre al 3 de octubre de 2026<\/strong>.<\/p>\n<p class=\"isSelectedEnd\"><strong>Suscripci\u00f3n y autenticaci\u00f3n de las firmas<\/strong><\/p>\n<p class=\"isSelectedEnd\">De conformidad con la normativa vigente (Art. 13, apartado 1, Ley 286\/2003), los suscriptores de las listas deber\u00e1n ser residentes en la circunscripci\u00f3n consular desde al menos seis meses antes de la fecha de las elecciones y figurar en los registros electorales para las elecciones de los Com.It.Es. Los suscriptores <strong>no pueden ser candidatos y no pueden suscribir m\u00e1s de una lista, bajo pena de nulidad de la suscripci\u00f3n.<\/strong><\/p>\n<p class=\"isSelectedEnd\">El art. 15, apartado 3, de la L. 286\/2003 establece que las listas de candidatos deber\u00e1n estar suscritas por un n\u00famero de electores no inferior a <strong>100<\/strong> para las colectividades compuestas por un n\u00famero de ciudadanos italianos residentes <strong>de hasta<\/strong> <strong>50.000, como en el caso de San Jos\u00e9.<\/strong><\/p>\n<p class=\"isSelectedEnd\">Para cada suscriptor deber\u00e1 indicarse:<\/p>\n<ul data-spread=\"false\">\n<li>apellido;<\/li>\n<li>nombre;<\/li>\n<li>lugar y fecha de nacimiento.<\/li>\n<\/ul>\n<p class=\"isSelectedEnd\">De conformidad con la legislaci\u00f3n vigente, <strong>las firmas solo pueden ser autenticadas por las Oficinas Consulares de I categor\u00eda<\/strong>, quedando excluidos, por tanto, los C\u00f3nsules Honorarios. La autenticaci\u00f3n es siempre gratuita (art. 34 del DPR 395\/2003).<\/p>\n<p class=\"isSelectedEnd\">En relaci\u00f3n con la preparaci\u00f3n y presentaci\u00f3n de las listas electorales, esta Embajada, con el objetivo de facilitar al m\u00e1ximo posible los tr\u00e1mites relacionados con la suscripci\u00f3n de las listas, podr\u00e1 atender al p\u00fablico fuera del horario habitual de atenci\u00f3n, as\u00ed como los s\u00e1bados. Cuando sea necesario, <strong>tambi\u00e9n podr\u00e1n organizarse misiones en las zonas del pa\u00eds m\u00e1s alejadas de San Jos\u00e9<\/strong>, con el fin de facilitar el acceso a los servicios de la Embajada a los interesados para quienes el desplazamiento hasta la Sede resulte objetivamente dif\u00edcil.<\/p>\n<p class=\"isSelectedEnd\">Si desean hacer uso de estas posibilidades, se invita a los interesados a manifestar expresamente dicha necesidad, <strong>poni\u00e9ndose previamente en contacto con la Embajada<\/strong> en la direcci\u00f3n de correo electr\u00f3nico habilitada: <a href=\"mailto:consolare.sanjose@esteri.it\"><strong>consolare.sanjose@esteri.it<\/strong><\/a>.<\/p>\n<p class=\"isSelectedEnd\">Al momento de la firma, el suscriptor deber\u00e1 ser identificado mediante un documento de identidad (pasaporte o documento de identidad, incluso en formato f\u00edsico, pero no vencido), siempre que incluya una fotograf\u00eda del titular y haya sido expedido por una administraci\u00f3n p\u00fablica italiana o de otros Estados.<\/p>\n<p class=\"isSelectedEnd\"><strong>Requisitos<\/strong><\/p>\n<p class=\"isSelectedEnd\">De conformidad con el DPR 395\/2003, art. 16, la candidatura <strong><em>no ser\u00e1 admitida<\/em><\/strong>:<\/p>\n<ul data-spread=\"false\">\n<li>cuando el candidato sea menor de edad;<\/li>\n<li>cuando la candidatura sea presentada para m\u00e1s de una lista;<\/li>\n<li>cuando el candidato no sea residente en la circunscripci\u00f3n consular;<\/li>\n<li>cuando falte la declaraci\u00f3n de aceptaci\u00f3n de la candidatura.<\/li>\n<\/ul>\n<p class=\"isSelectedEnd\">De conformidad con el DPR 395\/2003, art. 6, son <strong><em>elegibles<\/em><\/strong> los ciudadanos italianos:<\/p>\n<ul data-spread=\"false\">\n<li>residentes en la circunscripci\u00f3n consular;<\/li>\n<li>candidatos en una (y en una sola) de las listas presentadas (y en una sola circunscripci\u00f3n);<\/li>\n<li>inscritos en el registro actualizado al que se refiere el art. 5, apartado 1, de la Ley 459\/2001;<\/li>\n<li>que cumplan los requisitos para ser candidatos en las elecciones administrativas, es decir, los requisitos previstos en el art\u00edculo 55 (Derecho de sufragio pasivo), apartado 1, del D.lgs. 267\/2000, es decir, haber cumplido dieciocho a\u00f1os de edad en el d\u00eda fijado para la votaci\u00f3n.<\/li>\n<\/ul>\n<p class=\"isSelectedEnd\"><strong><em>No son elegibles:<\/em><\/strong><\/p>\n<ul data-spread=\"false\">\n<li>los empleados del Estado italiano que prestan servicio en el extranjero, incluido el personal contratado;<\/li>\n<li>quienes ocupen cargos institucionales y sus colaboradores remunerados;<\/li>\n<li>los administradores y representantes legales (de conformidad con el acta constitutiva y los estatutos) de entidades gestoras de actividades escolares que operen en el territorio del Comit\u00e9;<\/li>\n<li>los administradores y representantes legales (de conformidad con el acta constitutiva y los estatutos) de los comit\u00e9s de asistencia que reciban financiaci\u00f3n p\u00fablica;<\/li>\n<li>quienes est\u00e9n comprendidos en los art\u00edculos 60 (Inelegibilidad) y 61 (Inelegibilidad e incompatibilidad para el cargo de alcalde y presidente de provincia) del D.lgs. 267\/2000;<\/li>\n<li>quienes se encuentren en las condiciones previstas por los art\u00edculos 10 (Inhabilitaci\u00f3n para presentarse a las elecciones provinciales, municipales y de circunscripci\u00f3n) y 11 (Suspensi\u00f3n y p\u00e9rdida de pleno derecho del cargo de los administradores locales en situaci\u00f3n de inhabilitaci\u00f3n para ser candidatos) del D.lgs. 235\/2012;<\/li>\n<li>quienes ya hayan sido miembros del mismo Comit\u00e9 durante dos mandatos consecutivos.<\/li>\n<\/ul>\n<p class=\"isSelectedEnd\"><strong><em>FORMULARIOS<\/em><\/strong><\/p>\n<ul data-spread=\"false\">\n<li><a href=\"https:\/\/ambsanjose.esteri.it\/wp-content\/uploads\/2026\/09\/Modello_di_dichiarazione_di_presentazione_lista_candidati-ATTO-PRINCIPALE.doc\">Modelo de declaraci\u00f3n de presentaci\u00f3n de lista de candidatos \u2013 acta principal<\/a><\/li>\n<li><a href=\"https:\/\/ambsanjose.esteri.it\/wp-content\/uploads\/2026\/09\/Modello_di_dichiarazione_di_presentazione_lista_candidati-ATTO-SEPARATO.doc\">Modelo de declaraci\u00f3n de presentaci\u00f3n de lista de candidatos \u2013 acta separada<\/a><\/li>\n<li><a href=\"https:\/\/ambsanjose.esteri.it\/wp-content\/uploads\/2026\/09\/Modulo-accettazione-candidatura.docx\">Formulario de aceptaci\u00f3n de candidatura<\/a><\/li>\n<li><a href=\"https:\/\/ambsanjose.esteri.it\/wp-content\/uploads\/2026\/09\/Informativa-sul-trattamento-dei-dati.docx\">Informaci\u00f3n sobre el tratamiento de datos<\/a><\/li>\n<\/ul>\n","protected":false},"excerpt":{"rendered":"Preparaci\u00f3n y presentaci\u00f3n de las listas electorales Mediante decreto consular del 3 de septiembre de 2026 de la Embajadora de Italia en San Jos\u00e9 se convocan las elecciones para la constituci\u00f3n y renovaci\u00f3n del Comit\u00e9 de los Italianos en el Exterior de San Jos\u00e9. La fecha de las elecciones se ha fijado para el 4 [&hellip;]","protected":false},"author":9,"featured_media":0,"comment_status":"closed","ping_status":"closed","sticky":false,"template":"","format":"standard","meta":{"footnotes":""},"tags":[11],"class_list":["post-13477","post","type-post","status-publish","format-standard","hentry","tag-elezioni"],"_links":{"self":[{"href":"https:\/\/ambsanjose.esteri.it\/es\/wp-json\/wp\/v2\/posts\/13477","targetHints":{"allow":["GET"]}}],"collection":[{"href":"https:\/\/ambsanjose.esteri.it\/es\/wp-json\/wp\/v2\/posts"}],"about":[{"href":"https:\/\/ambsanjose.esteri.it\/es\/wp-json\/wp\/v2\/types\/post"}],"author":[{"embeddable":true,"href":"https:\/\/ambsanjose.esteri.it\/es\/wp-json\/wp\/v2\/users\/9"}],"replies":[{"embeddable":true,"href":"https:\/\/ambsanjose.esteri.it\/es\/wp-json\/wp\/v2\/comments?post=13477"}],"version-history":[{"count":3,"href":"https:\/\/ambsanjose.esteri.it\/es\/wp-json\/wp\/v2\/posts\/13477\/revisions"}],"predecessor-version":[{"id":13508,"href":"https:\/\/ambsanjose.esteri.it\/es\/wp-json\/wp\/v2\/posts\/13477\/revisions\/13508"}],"wp:attachment":[{"href":"https:\/\/ambsanjose.esteri.it\/es\/wp-json\/wp\/v2\/media?parent=13477"}],"wp:term":[{"taxonomy":"post_tag","embeddable":true,"href":"https:\/\/ambsanjose.esteri.it\/es\/wp-json\/wp\/v2\/tags?post=13477"}],"curies":[{"name":"wp","href":"https:\/\/api.w.org\/{rel}","templated":true}]}}