{"id":1352,"date":"2023-10-19T20:27:29","date_gmt":"2023-10-20T02:27:29","guid":{"rendered":"https:\/\/ambsanjose.esteri.it\/news\/dall_ambasciata\/2023\/10\/concerto-del-duo-pianistico-spina-2\/"},"modified":"2023-10-19T20:27:29","modified_gmt":"2023-10-20T02:27:29","slug":"concerto-del-duo-pianistico-spina-2","status":"publish","type":"post","link":"https:\/\/ambsanjose.esteri.it\/es\/news\/dall_ambasciata\/2023\/10\/concerto-del-duo-pianistico-spina-2\/","title":{"rendered":"Concierto del d\u00fao de piano Spina \u2013 Benignetti (jueves 2 de noviembre de 2023 a las 19.00 horas en el Aula Magna de la UCR)."},"content":{"rendered":"<p>La Embajada de Italia en Costa Rica y la Universidad de Costa Rica invitan a un concierto <strong>del d\u00fao de pianistas Eleonora Spina y Michele Benignetti.<\/strong><\/p>\n<p><strong>El jueves 2 de noviembre de 2023 a las 19.00 horas en el Aula Magna de la UCR.<\/strong> Entrada libre.<\/p>\n<p>El concierto ser\u00e1 precedido de un c\u00f3ctel a las 18.30. Disponible amplio parqueo.<\/p>\n<p>El d\u00fao Spina-Benignetti cuenta con una s\u00f3lida formaci\u00f3n tanto en m\u00fasica de c\u00e1mara como solista. Han tocado en las mejores salas de conciertos del mundo. Grabaron la obra completa de Johannes Brahms para dos pianos, recibiendo muy buenas cr\u00edticas por parte de la prensa especializada.<\/p>\n<p>Por favor confirmar reservaci\u00f3n al correo: <a href=\"mailto:segreteria.sanjose@esteri.it\">segreteria.sanjose@esteri.it<\/a><\/p>\n<p><img loading=\"lazy\" decoding=\"async\" style=\"display: block; margin-left: auto; margin-right: auto;\" src=\"resource\/img\/2023\/10\/4.png\" alt=\"4\" width=\"550\" height=\"733\" \/><\/p>\n","protected":false},"excerpt":{"rendered":"La Embajada de Italia en Costa Rica y la Universidad de Costa Rica invitan a un concierto del d\u00fao de pianistas Eleonora Spina y Michele Benignetti. El jueves 2 de noviembre de 2023 a las 19.00 horas en el Aula Magna de la UCR. Entrada libre. El concierto ser\u00e1 precedido de un c\u00f3ctel a las [&hellip;]","protected":false},"author":1,"featured_media":0,"comment_status":"closed","ping_status":"closed","sticky":false,"template":"","format":"standard","meta":{"footnotes":""},"tags":[],"class_list":["post-1352","post","type-post","status-publish","format-standard","hentry"],"_links":{"self":[{"href":"https:\/\/ambsanjose.esteri.it\/es\/wp-json\/wp\/v2\/posts\/1352","targetHints":{"allow":["GET"]}}],"collection":[{"href":"https:\/\/ambsanjose.esteri.it\/es\/wp-json\/wp\/v2\/posts"}],"about":[{"href":"https:\/\/ambsanjose.esteri.it\/es\/wp-json\/wp\/v2\/types\/post"}],"author":[{"embeddable":true,"href":"https:\/\/ambsanjose.esteri.it\/es\/wp-json\/wp\/v2\/users\/1"}],"replies":[{"embeddable":true,"href":"https:\/\/ambsanjose.esteri.it\/es\/wp-json\/wp\/v2\/comments?post=1352"}],"version-history":[{"count":0,"href":"https:\/\/ambsanjose.esteri.it\/es\/wp-json\/wp\/v2\/posts\/1352\/revisions"}],"wp:attachment":[{"href":"https:\/\/ambsanjose.esteri.it\/es\/wp-json\/wp\/v2\/media?parent=1352"}],"wp:term":[{"taxonomy":"post_tag","embeddable":true,"href":"https:\/\/ambsanjose.esteri.it\/es\/wp-json\/wp\/v2\/tags?post=1352"}],"curies":[{"name":"wp","href":"https:\/\/api.w.org\/{rel}","templated":true}]}}