{"id":1370,"date":"2023-10-02T21:04:57","date_gmt":"2023-10-03T03:04:57","guid":{"rendered":"https:\/\/ambsanjose.esteri.it\/news\/dall_ambasciata\/2023\/10\/inaugurazione-della-mostra-il-perugino-2\/"},"modified":"2023-10-02T21:04:57","modified_gmt":"2023-10-03T03:04:57","slug":"inaugurazione-della-mostra-il-perugino-2","status":"publish","type":"post","link":"https:\/\/ambsanjose.esteri.it\/es\/news\/dall_ambasciata\/2023\/10\/inaugurazione-della-mostra-il-perugino-2\/","title":{"rendered":"Inauguraci\u00f3n de la exposici\u00f3n \u201cIl Perugino \u2013 El mejor maestro de Italia\u201d \u2013 Museo de Jade, 19 de octubre de 2023"},"content":{"rendered":"<p>La Embajada de Italia en Costa Rica y el Instituto Nacional de Seguros invitan a la inauguraci\u00f3n de una exposici\u00f3n sobre Pietro Vannucci, conocido como &#8220;il Perugino&#8221;.<br \/>Jueves 19 de octubre de 2023 a las 18.00 horas en el Museo de Jade y de la Cultura Precolombina de San Jos\u00e9&#8217;.<\/p>\n<p>La exposici\u00f3n, titulada &#8220;Il Perugino &#8211; El mejor maestro de Italia&#8221;, tiene lugar con motivo del 500 aniversario de la muerte del artista.<\/p>\n<p>La inauguraci\u00f3n ir\u00e1 precedida de un c\u00f3ctel.<\/p>\n<p>Pietro Vannucci (ca. 1450-1523) fue el pintor m\u00e1s importante activo en Italia en las dos \u00faltimas d\u00e9cadas del siglo XV. La exposici\u00f3n recorre la vida y los lugares de Perugino, activo en la Florencia Medici entre finales del siglo XV y principios del siglo XVI, donde tambi\u00e9n trabajaron Verrocchio, Ghirlandaio, Sandro Botticelli, Leonardo, Rafael y Miguel \u00c1ngel, as\u00ed como las diferentes fases que caracteriz\u00f3 su obra.<\/p>\n<p>Los 15 paneles que componen la exposici\u00f3n permanecer\u00e1n expuestos hasta el 5 de febrero de 2024. Los materiales est\u00e1n dise\u00f1ados y creados por Stefano Baldi.<\/p>\n<p><img loading=\"lazy\" decoding=\"async\" style=\"display: block; margin-left: auto; margin-right: auto;\" src=\"resource\/img\/2023\/10\/il_perugino.jpg\" alt=\"il perugino\" width=\"500\" height=\"622\" \/><\/p>\n","protected":false},"excerpt":{"rendered":"La Embajada de Italia en Costa Rica y el Instituto Nacional de Seguros invitan a la inauguraci\u00f3n de una exposici\u00f3n sobre Pietro Vannucci, conocido como &#8220;il Perugino&#8221;.Jueves 19 de octubre de 2023 a las 18.00 horas en el Museo de Jade y de la Cultura Precolombina de San Jos\u00e9&#8217;. La exposici\u00f3n, titulada &#8220;Il Perugino &#8211; [&hellip;]","protected":false},"author":1,"featured_media":0,"comment_status":"","ping_status":"","sticky":false,"template":"","format":"standard","meta":{"footnotes":""},"tags":[],"class_list":["post-1370","post","type-post","status-publish","format-standard","hentry"],"_links":{"self":[{"href":"https:\/\/ambsanjose.esteri.it\/es\/wp-json\/wp\/v2\/posts\/1370","targetHints":{"allow":["GET"]}}],"collection":[{"href":"https:\/\/ambsanjose.esteri.it\/es\/wp-json\/wp\/v2\/posts"}],"about":[{"href":"https:\/\/ambsanjose.esteri.it\/es\/wp-json\/wp\/v2\/types\/post"}],"author":[{"embeddable":true,"href":"https:\/\/ambsanjose.esteri.it\/es\/wp-json\/wp\/v2\/users\/1"}],"replies":[{"embeddable":true,"href":"https:\/\/ambsanjose.esteri.it\/es\/wp-json\/wp\/v2\/comments?post=1370"}],"version-history":[{"count":0,"href":"https:\/\/ambsanjose.esteri.it\/es\/wp-json\/wp\/v2\/posts\/1370\/revisions"}],"wp:attachment":[{"href":"https:\/\/ambsanjose.esteri.it\/es\/wp-json\/wp\/v2\/media?parent=1370"}],"wp:term":[{"taxonomy":"post_tag","embeddable":true,"href":"https:\/\/ambsanjose.esteri.it\/es\/wp-json\/wp\/v2\/tags?post=1370"}],"curies":[{"name":"wp","href":"https:\/\/api.w.org\/{rel}","templated":true}]}}