{"id":1495,"date":"2023-05-19T19:44:19","date_gmt":"2023-05-20T01:44:19","guid":{"rendered":"https:\/\/ambsanjose.esteri.it\/news\/dall_ambasciata\/2023\/05\/cemento-vegetale-giardini-d-artista-2\/"},"modified":"2023-05-19T19:44:19","modified_gmt":"2023-05-20T01:44:19","slug":"cemento-vegetale-giardini-d-artista-2","status":"publish","type":"post","link":"https:\/\/ambsanjose.esteri.it\/es\/news\/dall_ambasciata\/2023\/05\/cemento-vegetale-giardini-d-artista-2\/","title":{"rendered":"Concreto vegetal \u2013 Jardines de artista. Convocatoria para proyectos art\u00edsticos de intervenci\u00f3n del espacio p\u00fablico y para curadores (as) costarricenses que los acompa\u00f1en"},"content":{"rendered":"<p>La Alianza Francesa, la AECID (Centro Cultural de Espa\u00f1a) y la Embajada de Italia se complacen en lanzar esta convocatoria para el proyecto <strong>Concreto vegetal \u2013 Jardines de artista<\/strong>, cuyo objetivo es la intervenci\u00f3n de espacios y lotes bald\u00edos de la ciudad de San Jos\u00e9 por parte de artistas de Francia, Italia y Espa\u00f1a, para transformarlos en espacios verdes donde se propicie la convivialidad y la protecci\u00f3n del medio ambiente.<\/p>\n<p>Se buscan de manera independiente y con sus respectivas convocatorias espec\u00edficas:<\/p>\n<ul>\n<li>Artistas italianos, franceses y espa\u00f1oles con un proyecto de intervenci\u00f3n del espacio p\u00fablico.<\/li>\n<li>Curadores (as) costarricenses que acompa\u00f1en los proyectos de intervenci\u00f3n del espacio p\u00fablico.<\/li>\n<\/ul>\n<p><strong>Concreto Vegetal \u2013 Jardines de Artista<\/strong> es un proyecto del <strong>CL\u00daSTER EUNIC Costa Ric<\/strong>a. EUNIC (por sus siglas en ingl\u00e9s) es la red europea de institutos y organizaciones culturales nacionales, con 36 miembros de todos los estados miembros de la UE y pa\u00edses asociados, que aboga por un papel destacado de la cultura en las relaciones internacionales y que busca compartir conocimientos y desarrollar capacidades entre sus miembros y socios.<\/p>\n<p>Este proyecto se realiza con la colaboraci\u00f3n de la Municipalidad de San Jos\u00e9 y diversas ONG que promueven la protecci\u00f3n del medio ambiente y luchan contra el cambio clim\u00e1tico.<\/p>\n<p><strong>RESUMEN<\/strong><\/p>\n<p>Costa Rica tiene una imagen internacional de pa\u00eds verde. Sus propias condiciones ambientales hacen posible el milagro de una biodiversidad exuberante que especialmente se observa en las zonas protegidas fuera de las ciudades. Sin embargo, la ciudad de San Jos\u00e9 presenta un urbanismo que carece de suficientes \u00e1reas verdes y de espacios que promuevan la convivialidad para las comunidades.<\/p>\n<p>El concepto es dise\u00f1ar en sitios estrat\u00e9gicos de la ciudad de San Jos\u00e9 espacios que incorporen zonas verdes al centro de San Jos\u00e9, sumando \u00e1rea a la trama verde de la ciudad y los corredores interurbanos. Adem\u00e1s de propiciar espacios de esparcimiento y de encuentro de las comunidades.<\/p>\n<p>Los jardines deber\u00e1n estar dise\u00f1ados bajo un concepto de resiliencia ambiental, sostenibilidad y tener un mensaje relativo al tema de la biodiversidad y el cambio clim\u00e1tico. Por un lado, se mejorar\u00eda la diversidad biol\u00f3gica a lo interno de la ciudad, favoreciendo la presencia de insectos polinizadores; por otro lado, las propuestas abordar\u00edan la apropiaci\u00f3n del espacio por parte de la ciudadan\u00eda, enfoc\u00e1ndose en el uso cotidiano que realizar\u00eda la comunidad.<\/p>\n<p>Por medio de tres artistas europeos, propuestos y financiados por los miembros de EUNIC, se har\u00edan tres jardines, y con el apoyo de las ONGDs Red de Juventud y Cambio Clim\u00e1tico y Rio Urbano, se dar\u00edan mediaciones sobre el Cambio Clim\u00e1tico a centros escolares y redes sociales, incorporando el patrimonio natural a un turismo cultural.<\/p>\n<p><strong>SOCIOS<\/strong><\/p>\n<p>La Red de Juventud y Cambio Clim\u00e1tico de Costa Rica (RJCCCR) est\u00e1 distribuida por todo el pa\u00eds. A trav\u00e9s de encuentros comunitarios, especialmente en centros educativos y formaciones recibidas tiene suficiente capacidad para exponer el abordaje sobre cambio clim\u00e1tico.Rio Urbano (RU) tiene un accionar principalmente a trav\u00e9s de redes sociales, dando capacitaciones y haciendo incidencia en determinados sectores, principalmente ambiente.La Municipalidad de San Jos\u00e9 (MSJ), a trav\u00e9s del departamento de Medio Ambiente, es la encargada de parques y jardines, siendo el tercer socio local de la iniciativa. La municipalidad facilitar\u00e1 los terrenos, su acceso, recurso humano, permisos de construcci\u00f3n y remodelaci\u00f3n, as\u00ed como los materiales para el desarrollo de las propuestas.<\/p>\n<p><strong>OBJETIVOS<\/strong><\/p>\n<p>La intervenci\u00f3n de los espacios asignados por la municipalidad (espacios o lotes bald\u00edos de la ciudad de San Jos\u00e9) por parte de las 3 personas artistas, tiene como objetivos:<\/p>\n<ul>\n<li>incorporar m\u00e1s espacios verdes a la ciudad,<\/li>\n<li>fomentar el uso del espacio p\u00fablico por parte de las comunidades,<\/li>\n<li>sensibilizar sobre los efectos del cambio clim\u00e1tico,<\/li>\n<li>dise\u00f1ar espacios de convivialidad que propicien el encuentro de la comunidad,<\/li>\n<li>contribuir al redise\u00f1o de espacios gracias a la pericia de artistas internacionales<\/li>\n<\/ul>\n<p><strong>FECHAS<\/strong><\/p>\n<ul>\n<li>Apertura de convocatoria: 17 de mayo 2023<\/li>\n<li>Cierre de convocatoria: 7 de julio 2023<\/li>\n<li>Notificaci\u00f3n de proyectos seleccionados(as) y curadores(as) asignados: 18 de julio 2023.<\/li>\n<li>Aceptaci\u00f3n del compromiso de aceptaci\u00f3n: a m\u00e1s tardar 22 de julio 2023.<\/li>\n<li>Acompa\u00f1amiento curatorial del proyecto a distancia con el(la) artista: del 23 de julio al 14 de setiembre 2023<\/li>\n<li>Fecha de viaje del artista: del 22 de septiembre al 9 de octubre.<\/li>\n<li>Acompa\u00f1amiento en la construcci\u00f3n de los jardines y ejecuci\u00f3n del proyecto: del 25 de septiembre al 6 de octubre 2023.<\/li>\n<\/ul>\n<p><a href=\"resource\/doc\/2023\/05\/convocatoria_concreto_vegetal_-_jardines_de_artistas_curadorxs.pdf\"><strong>Convocatoria espec\u00edfica para CURADORES (AS)<\/strong><\/a><\/p>\n<p><strong><a href=\"resource\/doc\/2023\/05\/convocatoria_concreto_vegetal_-_jardines_de_artistas.pdf\">Convocatoria espec\u00edfica para ARTISTAS<\/a><\/strong><\/p>\n<p><a href=\"resource\/doc\/2023\/05\/anexos_convocatorias.docx\"><strong>Anexos convocatoria<\/strong><\/a><\/p>\n<p>\u00a0<\/p>\n<p><img loading=\"lazy\" decoding=\"async\" src=\"resource\/img\/2023\/05\/afiche_artistas_cara.jpg\" alt=\"afiche artistas cara\" width=\"500\" height=\"646\" \/><img loading=\"lazy\" decoding=\"async\" src=\"resource\/img\/2023\/05\/afiche_artistas_fecha.jpg\" alt=\"afiche artistas fecha\" width=\"500\" height=\"647\" \/><\/p>\n<p>\u00a0<\/p>\n<p><strong>M\u00e1s fotos del espacio elegido por la Embajada de Italia<\/strong><\/p>\n<p>\u00a0<\/p>\n<p><img loading=\"lazy\" decoding=\"async\" src=\"resource\/img\/2023\/06\/giardini_1.jpg\" alt=\"giardini 1\" width=\"188\" height=\"193\" \/>\u00a0 \u00a0 \u00a0 \u00a0 \u00a0 \u00a0 \u00a0 \u00a0 \u00a0<img loading=\"lazy\" decoding=\"async\" src=\"resource\/img\/2023\/06\/giardini_4.jpg\" alt=\"giardini 4\" width=\"188\" height=\"190\" \/>\u00a0 \u00a0 \u00a0 \u00a0 \u00a0 \u00a0\u00a0<img loading=\"lazy\" decoding=\"async\" src=\"resource\/img\/2023\/06\/giardini_6.jpg\" alt=\"giardini 6\" width=\"180\" height=\"240\" \/>\u00a0<\/p>\n<p>\u00a0\u00a0 \u00a0 \u00a0 \u00a0\u00a0<\/p>\n<p><img loading=\"lazy\" decoding=\"async\" style=\"float: left;\" src=\"resource\/img\/2023\/06\/giardini_5.jpg\" alt=\"giardini 5\" width=\"299\" height=\"244\" \/><\/p>\n<p>\u00a0<\/p>\n<p>\u00a0<\/p>\n<p>\u00a0<\/p>\n<p>\u00a0<\/p>\n<p>\u00a0<\/p>\n","protected":false},"excerpt":{"rendered":"La Alianza Francesa, la AECID (Centro Cultural de Espa\u00f1a) y la Embajada de Italia se complacen en lanzar esta convocatoria para el proyecto Concreto vegetal \u2013 Jardines de artista, cuyo objetivo es la intervenci\u00f3n de espacios y lotes bald\u00edos de la ciudad de San Jos\u00e9 por parte de artistas de Francia, Italia y Espa\u00f1a, para [&hellip;]","protected":false},"author":1,"featured_media":0,"comment_status":"","ping_status":"","sticky":false,"template":"","format":"standard","meta":{"footnotes":""},"tags":[],"class_list":["post-1495","post","type-post","status-publish","format-standard","hentry"],"_links":{"self":[{"href":"https:\/\/ambsanjose.esteri.it\/es\/wp-json\/wp\/v2\/posts\/1495","targetHints":{"allow":["GET"]}}],"collection":[{"href":"https:\/\/ambsanjose.esteri.it\/es\/wp-json\/wp\/v2\/posts"}],"about":[{"href":"https:\/\/ambsanjose.esteri.it\/es\/wp-json\/wp\/v2\/types\/post"}],"author":[{"embeddable":true,"href":"https:\/\/ambsanjose.esteri.it\/es\/wp-json\/wp\/v2\/users\/1"}],"replies":[{"embeddable":true,"href":"https:\/\/ambsanjose.esteri.it\/es\/wp-json\/wp\/v2\/comments?post=1495"}],"version-history":[{"count":0,"href":"https:\/\/ambsanjose.esteri.it\/es\/wp-json\/wp\/v2\/posts\/1495\/revisions"}],"wp:attachment":[{"href":"https:\/\/ambsanjose.esteri.it\/es\/wp-json\/wp\/v2\/media?parent=1495"}],"wp:term":[{"taxonomy":"post_tag","embeddable":true,"href":"https:\/\/ambsanjose.esteri.it\/es\/wp-json\/wp\/v2\/tags?post=1495"}],"curies":[{"name":"wp","href":"https:\/\/api.w.org\/{rel}","templated":true}]}}