{"id":1564,"date":"2023-03-14T15:40:26","date_gmt":"2023-03-14T21:40:26","guid":{"rendered":"https:\/\/ambsanjose.esteri.it\/news\/dall_ambasciata\/2023\/03\/vi-invitiamo-al-concerto-del-trio-2\/"},"modified":"2023-03-14T15:40:26","modified_gmt":"2023-03-14T21:40:26","slug":"vi-invitiamo-al-concerto-del-trio-2","status":"publish","type":"post","link":"https:\/\/ambsanjose.esteri.it\/es\/news\/dall_ambasciata\/2023\/03\/vi-invitiamo-al-concerto-del-trio-2\/","title":{"rendered":"Los invitamos al concierto Menconi Jazz trio al Teatro Eugene O Neill (Centro Cultural Costarricense-Norteamericano), el jueves 23 de marzo a las 7pm."},"content":{"rendered":"<p>La entrada es<strong> LIBRE<\/strong> con lista.<\/p>\n<p>Por favor confirmar su asistencia al correo <a href=\"mailto:segreteria.sanjose@esteri.it\">segreteria.sanjose@esteri.it<\/a><\/p>\n<p>Alessio Menconi es m\u00fasico internacional y uno de los m\u00e1s grandes guitarristas de jazz italiano, que ha tocado en m\u00e1s de 40 pa\u00edses en los teatros y festivales de jazz m\u00e1s importantes del mundo, colaborando durante a\u00f1os con m\u00fasicos como Billy Cobham Band, Paolo Conte, Jimmy Cobb&#8230; y en esta ocasi\u00f3n se une a otros dos m\u00fasicos de los m\u00e1s populares de Europa, Alberto Guirrisi y Paolo Orlandi. El tr\u00edo, liderado por Menconi, naci\u00f3 para celebrar los 100 a\u00f1os del nacimiento de su h\u00e9roe y el mayor guitarrista de jazz de todos los tiempos: Wes Montgomery (Indian\u00e1polis, 6 de marzo de 1923 &#8211; 15 de junio 1968).<br \/>El tr\u00edo interpreta composiciones de Montgomery y otras canciones caracter\u00edsticas grabadas por \u00e9l que interpret\u00f3 tanto en peque\u00f1os grupos como con orquesta. Las canciones ser\u00e1n arregladas y tocadas de forma totalmente nueva sin olvidar nunca el sonido original.<\/p>\n","protected":false},"excerpt":{"rendered":"La entrada es LIBRE con lista. Por favor confirmar su asistencia al correo segreteria.sanjose@esteri.it Alessio Menconi es m\u00fasico internacional y uno de los m\u00e1s grandes guitarristas de jazz italiano, que ha tocado en m\u00e1s de 40 pa\u00edses en los teatros y festivales de jazz m\u00e1s importantes del mundo, colaborando durante a\u00f1os con m\u00fasicos como Billy [&hellip;]","protected":false},"author":1,"featured_media":0,"comment_status":"","ping_status":"","sticky":false,"template":"","format":"standard","meta":{"footnotes":""},"tags":[],"class_list":["post-1564","post","type-post","status-publish","format-standard","hentry"],"_links":{"self":[{"href":"https:\/\/ambsanjose.esteri.it\/es\/wp-json\/wp\/v2\/posts\/1564","targetHints":{"allow":["GET"]}}],"collection":[{"href":"https:\/\/ambsanjose.esteri.it\/es\/wp-json\/wp\/v2\/posts"}],"about":[{"href":"https:\/\/ambsanjose.esteri.it\/es\/wp-json\/wp\/v2\/types\/post"}],"author":[{"embeddable":true,"href":"https:\/\/ambsanjose.esteri.it\/es\/wp-json\/wp\/v2\/users\/1"}],"replies":[{"embeddable":true,"href":"https:\/\/ambsanjose.esteri.it\/es\/wp-json\/wp\/v2\/comments?post=1564"}],"version-history":[{"count":0,"href":"https:\/\/ambsanjose.esteri.it\/es\/wp-json\/wp\/v2\/posts\/1564\/revisions"}],"wp:attachment":[{"href":"https:\/\/ambsanjose.esteri.it\/es\/wp-json\/wp\/v2\/media?parent=1564"}],"wp:term":[{"taxonomy":"post_tag","embeddable":true,"href":"https:\/\/ambsanjose.esteri.it\/es\/wp-json\/wp\/v2\/tags?post=1564"}],"curies":[{"name":"wp","href":"https:\/\/api.w.org\/{rel}","templated":true}]}}