{"id":1654,"date":"2022-11-18T18:01:09","date_gmt":"2022-11-19T00:01:09","guid":{"rendered":"https:\/\/ambsanjose.esteri.it\/news\/dall_ambasciata\/2022\/11\/diplomazia-della-legalita-2\/"},"modified":"2022-11-18T18:01:09","modified_gmt":"2022-11-19T00:01:09","slug":"diplomazia-della-legalita-2","status":"publish","type":"post","link":"https:\/\/ambsanjose.esteri.it\/es\/news\/dall_ambasciata\/2022\/11\/diplomazia-della-legalita-2\/","title":{"rendered":"Diplomacia de la legalidad"},"content":{"rendered":"<p><strong>Diplomacia de la legalidad en Costa Rica<\/strong><\/p>\n<p>Costa Rica enfrenta hoy un desaf\u00edo trascendental: contrarrestar de manera efectiva el narcotr\u00e1fico y el crimen organizado en aumento en el pa\u00eds.<\/p>\n<p>Para ayudar a mejorar la cooperaci\u00f3n entre Italia y Costa Rica en la lucha contra el crimen organizado, a trav\u00e9s de la difusi\u00f3n de una cultura de la legalidad y el intercambio de buenas pr\u00e1cticas, la Embajada de Italia en San Jos\u00e9 ha invitado a un famoso soci\u00f3logo y criminalista, el prof. Nando Dalla Chiesa, para participar en una serie de iniciativas y eventos organizados en colaboraci\u00f3n con el Ministerio de Seguridad, la Asamblea Legislativa y otras instituciones locales.<\/p>\n<p>Entre los temas tratados durante las diversas iniciativas se encuentran:<\/p>\n<p>a) la cultura contra el crimen organizado: procesos, actores, alianzas, redes. C\u00f3mo desarrollar una necesidad de legalidad y transparencia. Inversiones en las nuevas generaciones. Las infraestructuras morales y culturales.<\/p>\n<p>b) la experiencia italiana en la lucha contra la mafia y el crimen organizado.<\/p>\n<p>c) Econom\u00eda ilegal y econom\u00eda legal. El blanqueo de capitales y la nueva modalidad delictiva del \u201cautoblanqueo\u201d. Los efectos distorsionadores de la infiltraci\u00f3n de la econom\u00eda ilegal en el sistema econ\u00f3mico y financiero nacional e internacional.<\/p>\n<p>Algunas de las iniciativas est\u00e1n abiertas al p\u00fablico. Para participar, env\u00ede un correo electr\u00f3nico a segreteria.sanjose@esteri.it.<\/p>\n<p><strong><a href=\"resource\/img\/2022\/11\/economa_ilegal_y_economa_legal_1.jpg\"><span style=\"text-decoration: underline;\">28 de noviembre a las 10:00<\/span>, <\/a><\/strong><a href=\"resource\/img\/2022\/11\/economa_ilegal_y_economa_legal_1.jpg\">Asamblea Legislativa &#8211; Conferencia \u201cEconom\u00eda ilegal y econom\u00eda legal\u201d<\/a>. (\u00fanicamente por invitaci\u00f3n)<\/p>\n<p><strong><a href=\"resource\/img\/2022\/11\/invito_presentazione_libro.jpeg\"><span style=\"text-decoration: underline;\">28 de noviembre a las 17:00<\/span>, <\/a><\/strong><a href=\"resource\/img\/2022\/11\/invito_presentazione_libro.jpeg\">Biblioteca Nacional \u2013 Presentaci\u00f3n del libro: Contrari e Ostinati de Nando Dalla Chiesa.<\/a><strong><a href=\"resource\/img\/2022\/11\/invito_presentazione_libro.jpeg\"> (abierto al p\u00fablico)<\/a><\/strong><\/p>\n<p><a href=\"resource\/doc\/2022\/11\/invito_ucr_29.11.22_3pm.jpeg\"><span style=\"text-decoration: underline;\"><strong>29 de noviembre a las 15:00<\/strong><\/span>, Universidad de Costa Rica \u2013 Conferencia sobre \u201cCultura de la Legalidad. La escuela y la universidad como energ\u00edas liberadoras. C\u00f3mo madurar una necesidad de legalidad y transparencia\u201d. (abierto al p\u00fablico)<\/a><\/p>\n<p><span style=\"text-decoration: underline;\"><strong>30 de noviembre a las 09:00 horas<\/strong><\/span>, Canciller\u00eda, Sal\u00f3n Cardona \u2013 Conferencia \u201cCultura de la legalidad. La cultura contra el crimen organizado. Procesos, actores, alianzas, redes. Las grandes reservas de la democracia. De la transformaci\u00f3n del sentido com\u00fan a la transformaci\u00f3n de las instituciones\u201d. (\u00fanicamente por invitaci\u00f3n)<\/p>\n<p><a href=\"resource\/img\/2022\/11\/conferencia_u_catolica.jpg\"><strong><span style=\"text-decoration: underline;\">30 de noviembre a las 17:30<\/span>,<\/strong> Universidad Cat\u00f3lica, Auditorio \u2013 Conferencia \u201cEconom\u00eda ilegal y econom\u00eda legal\u201d<\/a>. (abierto al p\u00fablico)<\/p>\n<p>Los socios costarricenses de la iniciativa son:<\/p>\n<p>&#8211; Universidad de Costa Rica (UCR), Facultad de Ciencias Sociales<\/p>\n<p>&#8211; Universidad Nacional de Costa Rica (UNA), Facultad de Ciencias Sociales<\/p>\n<p>&#8211; Academia Diplom\u00e1tica de la Canciller\u00eda \u201cManuel Mar\u00eda de Peralta\u201d<\/p>\n<p>&#8211; Universidad Cat\u00f3lica de Costa Rica<\/p>\n<p>&#8211; Sociedad Dante Alighieri: Presentaci\u00f3n del libro: Obstinados y en contra.<\/p>\n","protected":false},"excerpt":{"rendered":"Diplomacia de la legalidad en Costa Rica Costa Rica enfrenta hoy un desaf\u00edo trascendental: contrarrestar de manera efectiva el narcotr\u00e1fico y el crimen organizado en aumento en el pa\u00eds. Para ayudar a mejorar la cooperaci\u00f3n entre Italia y Costa Rica en la lucha contra el crimen organizado, a trav\u00e9s de la difusi\u00f3n de una cultura [&hellip;]","protected":false},"author":1,"featured_media":0,"comment_status":"","ping_status":"","sticky":false,"template":"","format":"standard","meta":{"footnotes":""},"tags":[],"class_list":["post-1654","post","type-post","status-publish","format-standard","hentry"],"_links":{"self":[{"href":"https:\/\/ambsanjose.esteri.it\/es\/wp-json\/wp\/v2\/posts\/1654","targetHints":{"allow":["GET"]}}],"collection":[{"href":"https:\/\/ambsanjose.esteri.it\/es\/wp-json\/wp\/v2\/posts"}],"about":[{"href":"https:\/\/ambsanjose.esteri.it\/es\/wp-json\/wp\/v2\/types\/post"}],"author":[{"embeddable":true,"href":"https:\/\/ambsanjose.esteri.it\/es\/wp-json\/wp\/v2\/users\/1"}],"replies":[{"embeddable":true,"href":"https:\/\/ambsanjose.esteri.it\/es\/wp-json\/wp\/v2\/comments?post=1654"}],"version-history":[{"count":0,"href":"https:\/\/ambsanjose.esteri.it\/es\/wp-json\/wp\/v2\/posts\/1654\/revisions"}],"wp:attachment":[{"href":"https:\/\/ambsanjose.esteri.it\/es\/wp-json\/wp\/v2\/media?parent=1654"}],"wp:term":[{"taxonomy":"post_tag","embeddable":true,"href":"https:\/\/ambsanjose.esteri.it\/es\/wp-json\/wp\/v2\/tags?post=1654"}],"curies":[{"name":"wp","href":"https:\/\/api.w.org\/{rel}","templated":true}]}}