{"id":2970,"date":"2024-01-04T08:29:10","date_gmt":"2024-01-04T14:29:10","guid":{"rendered":"https:\/\/ambsanjose.esteri.it\/?p=2970"},"modified":"2024-01-04T08:32:39","modified_gmt":"2024-01-04T14:32:39","slug":"turismo-italiano-en-costa-rica","status":"publish","type":"post","link":"https:\/\/ambsanjose.esteri.it\/es\/news\/dall_ambasciata\/2024\/01\/turismo-italiano-en-costa-rica\/","title":{"rendered":"Turismo italiano en Costa Rica"},"content":{"rendered":"<p>En 2023 el n\u00famero de turistas italianos en Costa Rica alcanz\u00f3 las 20.000 unidades (+20% respecto al a\u00f1o anterior).<\/p>\n<p>La pandemia de Covid hab\u00eda da\u00f1ado significativamente el turismo italiano en Costa Rica, cuyo flujo pr\u00e1cticamente se hab\u00eda detenido en 2020.<br \/>\nEn 2021 se produjo una ligera recuperaci\u00f3n (9.061 turistas italianos), recuperaci\u00f3n confirmada en 2022-23.<\/p>\n<p>Sin embargo, las cifras a\u00fan est\u00e1n lejos de las de la era anterior al Covid: en 2019 hab\u00eda alrededor de 30.000 turistas italianos en el pa\u00eds. Es probable que el empeoramiento de la situaci\u00f3n de seguridad en el pa\u00eds y el coste de vida bastante elevado tambi\u00e9n contribuyan a frenar el flujo de turistas italianos, al menos en los \u00faltimos a\u00f1os.<\/p>\n<p>La \u00e9poca de mayor afluencia de italianos es tradicionalmente el final de a\u00f1o (noviembre y diciembre) y el mes de agosto.<\/p>\n<p>Costa Rica atrae turistas principalmente de Estados Unidos y Canad\u00e1. Los visitantes europeos proceden principalmente de Alemania y el Reino Unido.<\/p>\n","protected":false},"excerpt":{"rendered":"En 2023 el n\u00famero de turistas italianos en Costa Rica alcanz\u00f3 las 20.000 unidades (+20% respecto al a\u00f1o anterior). La pandemia de Covid hab\u00eda da\u00f1ado significativamente el turismo italiano en Costa Rica, cuyo flujo pr\u00e1cticamente se hab\u00eda detenido en 2020. En 2021 se produjo una ligera recuperaci\u00f3n (9.061 turistas italianos), recuperaci\u00f3n confirmada en 2022-23. Sin [&hellip;]","protected":false},"author":5,"featured_media":2967,"comment_status":"closed","ping_status":"closed","sticky":false,"template":"","format":"standard","meta":{"footnotes":""},"tags":[8,12],"class_list":["post-2970","post","type-post","status-publish","format-standard","has-post-thumbnail","hentry","tag-diplomazia-economica","tag-italiani-nel-mondo"],"_links":{"self":[{"href":"https:\/\/ambsanjose.esteri.it\/es\/wp-json\/wp\/v2\/posts\/2970","targetHints":{"allow":["GET"]}}],"collection":[{"href":"https:\/\/ambsanjose.esteri.it\/es\/wp-json\/wp\/v2\/posts"}],"about":[{"href":"https:\/\/ambsanjose.esteri.it\/es\/wp-json\/wp\/v2\/types\/post"}],"author":[{"embeddable":true,"href":"https:\/\/ambsanjose.esteri.it\/es\/wp-json\/wp\/v2\/users\/5"}],"replies":[{"embeddable":true,"href":"https:\/\/ambsanjose.esteri.it\/es\/wp-json\/wp\/v2\/comments?post=2970"}],"version-history":[{"count":1,"href":"https:\/\/ambsanjose.esteri.it\/es\/wp-json\/wp\/v2\/posts\/2970\/revisions"}],"predecessor-version":[{"id":2971,"href":"https:\/\/ambsanjose.esteri.it\/es\/wp-json\/wp\/v2\/posts\/2970\/revisions\/2971"}],"wp:featuredmedia":[{"embeddable":true,"href":"https:\/\/ambsanjose.esteri.it\/es\/wp-json\/wp\/v2\/media\/2967"}],"wp:attachment":[{"href":"https:\/\/ambsanjose.esteri.it\/es\/wp-json\/wp\/v2\/media?parent=2970"}],"wp:term":[{"taxonomy":"post_tag","embeddable":true,"href":"https:\/\/ambsanjose.esteri.it\/es\/wp-json\/wp\/v2\/tags?post=2970"}],"curies":[{"name":"wp","href":"https:\/\/api.w.org\/{rel}","templated":true}]}}