{"id":3067,"date":"2023-03-27T18:00:49","date_gmt":"2023-03-28T00:00:49","guid":{"rendered":"https:\/\/ambsanjose.esteri.it\/?p=3067"},"modified":"2024-01-10T12:45:51","modified_gmt":"2024-01-10T18:45:51","slug":"jazz-italiano-en-san-jose","status":"publish","type":"post","link":"https:\/\/ambsanjose.esteri.it\/es\/news\/dall_ambasciata\/2023\/03\/jazz-italiano-en-san-jose\/","title":{"rendered":"Jazz italiano en San Jos\u00e9."},"content":{"rendered":"<p>Un nutrido p\u00fablico de entusiastas asisti\u00f3 al concierto del \u201cMenconi Jazz trio\u201d, organizado por la Embajada de Italia en Costa Rica y que se llev\u00f3 a cabo el 23 de marzo en el Teatro Eugene O Neill de San Jos\u00e9.<\/p>\n<p>Participaron m\u00e1s de 200 personas apasionadas por la m\u00fasica jazz y entusiasmadas por la calidad de la oferta musical.<\/p>\n<p>Alessio Menconi es un m\u00fasico internacional y uno de los m\u00e1s grandes guitarristas de jazz italianos; Ha tocado en m\u00e1s de 40 pa\u00edses en los teatros y festivales de jazz m\u00e1s importantes del mundo, colaborando durante a\u00f1os con m\u00fasicos como Billy Cobham Band, Paolo Conte, Jimmy Cobb. En esta ocasi\u00f3n se uni\u00f3 a otros dos estimados m\u00fasicos europeos, Alberto Gurrisi (al \u00f3rgano) y Paolo Orlandi (a la bater\u00eda).<\/p>\n<p>El tr\u00edo, liderado por Menconi, naci\u00f3 para celebrar el centenario del nacimiento del que es considerado el mejor guitarrista de jazz de todos los tiempos: Wes Montgomery (Indian\u00e1polis, 6 de marzo de 1923 \u2013 15 de junio de 1968).<\/p>\n<p>El tr\u00edo interpret\u00f3, entre otras, algunas de las composiciones de Montgomery y est\u00e1ndares de jazz italiano.<\/p>\n<p>&nbsp;<\/p>\n<p><img loading=\"lazy\" decoding=\"async\" class=\"alignnone size-medium wp-image-3025 img-fluid\" src=\"https:\/\/ambsanjose.esteri.it\/wp-content\/uploads\/2023\/03\/INVITO-MENCONI-JAZZ-TRIO-INSTA-300x300.jpg\" alt=\"\" width=\"300\" height=\"300\" srcset=\"https:\/\/ambsanjose.esteri.it\/wp-content\/uploads\/2023\/03\/INVITO-MENCONI-JAZZ-TRIO-INSTA-300x300.jpg 300w, https:\/\/ambsanjose.esteri.it\/wp-content\/uploads\/2023\/03\/INVITO-MENCONI-JAZZ-TRIO-INSTA-1024x1024.jpg 1024w, https:\/\/ambsanjose.esteri.it\/wp-content\/uploads\/2023\/03\/INVITO-MENCONI-JAZZ-TRIO-INSTA-150x150.jpg 150w, https:\/\/ambsanjose.esteri.it\/wp-content\/uploads\/2023\/03\/INVITO-MENCONI-JAZZ-TRIO-INSTA-768x768.jpg 768w, https:\/\/ambsanjose.esteri.it\/wp-content\/uploads\/2023\/03\/INVITO-MENCONI-JAZZ-TRIO-INSTA.jpg 1080w\" sizes=\"auto, (max-width: 300px) 100vw, 300px\" \/> \u00a0 <img loading=\"lazy\" decoding=\"async\" class=\"alignnone size-medium wp-image-3027 img-fluid\" src=\"https:\/\/ambsanjose.esteri.it\/wp-content\/uploads\/2023\/03\/Menconi-Jazz-Trio-INSTAGRAM--300x300.jpg\" alt=\"\" width=\"300\" height=\"300\" srcset=\"https:\/\/ambsanjose.esteri.it\/wp-content\/uploads\/2023\/03\/Menconi-Jazz-Trio-INSTAGRAM--300x300.jpg 300w, https:\/\/ambsanjose.esteri.it\/wp-content\/uploads\/2023\/03\/Menconi-Jazz-Trio-INSTAGRAM--1024x1024.jpg 1024w, https:\/\/ambsanjose.esteri.it\/wp-content\/uploads\/2023\/03\/Menconi-Jazz-Trio-INSTAGRAM--150x150.jpg 150w, https:\/\/ambsanjose.esteri.it\/wp-content\/uploads\/2023\/03\/Menconi-Jazz-Trio-INSTAGRAM--768x768.jpg 768w, https:\/\/ambsanjose.esteri.it\/wp-content\/uploads\/2023\/03\/Menconi-Jazz-Trio-INSTAGRAM-.jpg 1080w\" sizes=\"auto, (max-width: 300px) 100vw, 300px\" \/><\/p>\n","protected":false},"excerpt":{"rendered":"Un nutrido p\u00fablico de entusiastas asisti\u00f3 al concierto del \u201cMenconi Jazz trio\u201d, organizado por la Embajada de Italia en Costa Rica y que se llev\u00f3 a cabo el 23 de marzo en el Teatro Eugene O Neill de San Jos\u00e9. Participaron m\u00e1s de 200 personas apasionadas por la m\u00fasica jazz y entusiasmadas por la calidad [&hellip;]","protected":false},"author":5,"featured_media":0,"comment_status":"closed","ping_status":"closed","sticky":false,"template":"","format":"standard","meta":{"footnotes":""},"tags":[7,12],"class_list":["post-3067","post","type-post","status-publish","format-standard","hentry","tag-diplomazia-culturale","tag-italiani-nel-mondo"],"_links":{"self":[{"href":"https:\/\/ambsanjose.esteri.it\/es\/wp-json\/wp\/v2\/posts\/3067","targetHints":{"allow":["GET"]}}],"collection":[{"href":"https:\/\/ambsanjose.esteri.it\/es\/wp-json\/wp\/v2\/posts"}],"about":[{"href":"https:\/\/ambsanjose.esteri.it\/es\/wp-json\/wp\/v2\/types\/post"}],"author":[{"embeddable":true,"href":"https:\/\/ambsanjose.esteri.it\/es\/wp-json\/wp\/v2\/users\/5"}],"replies":[{"embeddable":true,"href":"https:\/\/ambsanjose.esteri.it\/es\/wp-json\/wp\/v2\/comments?post=3067"}],"version-history":[{"count":1,"href":"https:\/\/ambsanjose.esteri.it\/es\/wp-json\/wp\/v2\/posts\/3067\/revisions"}],"predecessor-version":[{"id":3070,"href":"https:\/\/ambsanjose.esteri.it\/es\/wp-json\/wp\/v2\/posts\/3067\/revisions\/3070"}],"wp:attachment":[{"href":"https:\/\/ambsanjose.esteri.it\/es\/wp-json\/wp\/v2\/media?parent=3067"}],"wp:term":[{"taxonomy":"post_tag","embeddable":true,"href":"https:\/\/ambsanjose.esteri.it\/es\/wp-json\/wp\/v2\/tags?post=3067"}],"curies":[{"name":"wp","href":"https:\/\/api.w.org\/{rel}","templated":true}]}}