{"id":3371,"date":"2024-02-05T07:59:13","date_gmt":"2024-02-05T13:59:13","guid":{"rendered":"https:\/\/ambsanjose.esteri.it\/?p=3371"},"modified":"2024-02-05T09:50:01","modified_gmt":"2024-02-05T15:50:01","slug":"la-embajada-de-italia-en-san-jose-dona-material-didactico-a-cinco-escuelas-publicas-de-san-vito-donde-se-ensena-la-lengua-italiana","status":"publish","type":"post","link":"https:\/\/ambsanjose.esteri.it\/es\/news\/dall_ambasciata\/2024\/02\/la-embajada-de-italia-en-san-jose-dona-material-didactico-a-cinco-escuelas-publicas-de-san-vito-donde-se-ensena-la-lengua-italiana\/","title":{"rendered":"La Embajada de Italia en San Jos\u00e9 dona material did\u00e1ctico a cinco escuelas p\u00fablicas de San Vito donde se ense\u00f1a la lengua italiana."},"content":{"rendered":"<p>\u00a1Un d\u00eda especial para la lengua italiana en Costa Rica!<\/p>\n<p>El 3 de febrero, el Embajador de Italia entreg\u00f3 a los directores y profesores de italiano de cinco escuelas de San Vito di Coto Brus el material did\u00e1ctico solicitado por cada una de ellas el a\u00f1o pasado y adquirido con una contribuci\u00f3n del Ministerio de Relaciones Exteriores y Cooperaci\u00f3n Internacional.<\/p>\n<p>Las escuelas beneficiarias de la donaci\u00f3n son<\/p>\n<ul>\n<li>Escuela Maria Auxiliadora<\/li>\n<li>Escuela Tres R\u00edos<\/li>\n<li>Escuela La Amistad<\/li>\n<li>Escuela La Isla<\/li>\n<li>Escuela Adele Clarini.<\/li>\n<\/ul>\n<p>Se trata de escuelas primarias donde se imparten cursos curriculares de lengua italiana.<\/p>\n<p>Adem\u00e1s de material did\u00e1ctico, cuatro escuelas de San Vito recibieron este a\u00f1o contribuciones financieras de la Embajada de Italia.<\/p>\n<p><img loading=\"lazy\" decoding=\"async\" class=\"alignnone size-medium wp-image-3367 img-fluid\" src=\"https:\/\/ambsanjose.esteri.it\/wp-content\/uploads\/2024\/02\/IMG_20240204_191522-300x195.jpg\" alt=\"\" width=\"300\" height=\"195\" srcset=\"https:\/\/ambsanjose.esteri.it\/wp-content\/uploads\/2024\/02\/IMG_20240204_191522-300x195.jpg 300w, https:\/\/ambsanjose.esteri.it\/wp-content\/uploads\/2024\/02\/IMG_20240204_191522-1024x664.jpg 1024w, https:\/\/ambsanjose.esteri.it\/wp-content\/uploads\/2024\/02\/IMG_20240204_191522-768x498.jpg 768w, https:\/\/ambsanjose.esteri.it\/wp-content\/uploads\/2024\/02\/IMG_20240204_191522.jpg 1419w\" sizes=\"auto, (max-width: 300px) 100vw, 300px\" \/>\u00a0 \u00a0 \u00a0<img loading=\"lazy\" decoding=\"async\" class=\"alignnone size-medium wp-image-3365 img-fluid\" src=\"https:\/\/ambsanjose.esteri.it\/wp-content\/uploads\/2024\/02\/IMG_20240204_191622-222x300.jpg\" alt=\"\" width=\"222\" height=\"300\" srcset=\"https:\/\/ambsanjose.esteri.it\/wp-content\/uploads\/2024\/02\/IMG_20240204_191622-222x300.jpg 222w, https:\/\/ambsanjose.esteri.it\/wp-content\/uploads\/2024\/02\/IMG_20240204_191622-757x1024.jpg 757w, https:\/\/ambsanjose.esteri.it\/wp-content\/uploads\/2024\/02\/IMG_20240204_191622-768x1038.jpg 768w, https:\/\/ambsanjose.esteri.it\/wp-content\/uploads\/2024\/02\/IMG_20240204_191622.jpg 920w\" sizes=\"auto, (max-width: 222px) 100vw, 222px\" \/>\u00a0 \u00a0 \u00a0<img loading=\"lazy\" decoding=\"async\" class=\"alignnone size-medium wp-image-3363 img-fluid\" src=\"https:\/\/ambsanjose.esteri.it\/wp-content\/uploads\/2024\/02\/IMG_20240204_191703-195x300.jpg\" alt=\"\" width=\"195\" height=\"300\" srcset=\"https:\/\/ambsanjose.esteri.it\/wp-content\/uploads\/2024\/02\/IMG_20240204_191703-195x300.jpg 195w, https:\/\/ambsanjose.esteri.it\/wp-content\/uploads\/2024\/02\/IMG_20240204_191703-666x1024.jpg 666w, https:\/\/ambsanjose.esteri.it\/wp-content\/uploads\/2024\/02\/IMG_20240204_191703-768x1180.jpg 768w, https:\/\/ambsanjose.esteri.it\/wp-content\/uploads\/2024\/02\/IMG_20240204_191703.jpg 920w\" sizes=\"auto, (max-width: 195px) 100vw, 195px\" \/>\u00a0 \u00a0 \u00a0 <img loading=\"lazy\" decoding=\"async\" class=\"alignnone size-medium wp-image-3361 img-fluid\" src=\"https:\/\/ambsanjose.esteri.it\/wp-content\/uploads\/2024\/02\/IMG_20240204_191550-300x192.jpg\" alt=\"\" width=\"300\" height=\"192\" srcset=\"https:\/\/ambsanjose.esteri.it\/wp-content\/uploads\/2024\/02\/IMG_20240204_191550-300x192.jpg 300w, https:\/\/ambsanjose.esteri.it\/wp-content\/uploads\/2024\/02\/IMG_20240204_191550-1024x654.jpg 1024w, https:\/\/ambsanjose.esteri.it\/wp-content\/uploads\/2024\/02\/IMG_20240204_191550-768x490.jpg 768w, https:\/\/ambsanjose.esteri.it\/wp-content\/uploads\/2024\/02\/IMG_20240204_191550.jpg 1129w\" sizes=\"auto, (max-width: 300px) 100vw, 300px\" \/><\/p>\n<p>&nbsp;<\/p>\n","protected":false},"excerpt":{"rendered":"\u00a1Un d\u00eda especial para la lengua italiana en Costa Rica! El 3 de febrero, el Embajador de Italia entreg\u00f3 a los directores y profesores de italiano de cinco escuelas de San Vito di Coto Brus el material did\u00e1ctico solicitado por cada una de ellas el a\u00f1o pasado y adquirido con una contribuci\u00f3n del Ministerio de [&hellip;]","protected":false},"author":4,"featured_media":3367,"comment_status":"closed","ping_status":"closed","sticky":false,"template":"","format":"standard","meta":{"footnotes":""},"tags":[7,12],"class_list":["post-3371","post","type-post","status-publish","format-standard","has-post-thumbnail","hentry","tag-diplomazia-culturale","tag-italiani-nel-mondo"],"_links":{"self":[{"href":"https:\/\/ambsanjose.esteri.it\/es\/wp-json\/wp\/v2\/posts\/3371","targetHints":{"allow":["GET"]}}],"collection":[{"href":"https:\/\/ambsanjose.esteri.it\/es\/wp-json\/wp\/v2\/posts"}],"about":[{"href":"https:\/\/ambsanjose.esteri.it\/es\/wp-json\/wp\/v2\/types\/post"}],"author":[{"embeddable":true,"href":"https:\/\/ambsanjose.esteri.it\/es\/wp-json\/wp\/v2\/users\/4"}],"replies":[{"embeddable":true,"href":"https:\/\/ambsanjose.esteri.it\/es\/wp-json\/wp\/v2\/comments?post=3371"}],"version-history":[{"count":2,"href":"https:\/\/ambsanjose.esteri.it\/es\/wp-json\/wp\/v2\/posts\/3371\/revisions"}],"predecessor-version":[{"id":3393,"href":"https:\/\/ambsanjose.esteri.it\/es\/wp-json\/wp\/v2\/posts\/3371\/revisions\/3393"}],"wp:featuredmedia":[{"embeddable":true,"href":"https:\/\/ambsanjose.esteri.it\/es\/wp-json\/wp\/v2\/media\/3367"}],"wp:attachment":[{"href":"https:\/\/ambsanjose.esteri.it\/es\/wp-json\/wp\/v2\/media?parent=3371"}],"wp:term":[{"taxonomy":"post_tag","embeddable":true,"href":"https:\/\/ambsanjose.esteri.it\/es\/wp-json\/wp\/v2\/tags?post=3371"}],"curies":[{"name":"wp","href":"https:\/\/api.w.org\/{rel}","templated":true}]}}