{"id":4252,"date":"2024-04-29T08:09:19","date_gmt":"2024-04-29T14:09:19","guid":{"rendered":"https:\/\/ambsanjose.esteri.it\/?p=4252"},"modified":"2024-05-03T08:32:30","modified_gmt":"2024-05-03T14:32:30","slug":"celebrazione-in-costa-rica-della-giornata-della-ricerca-italiana-nel-mondo-il-contributo-italiano-alla-ricerca-scientifica-in-costa-rica-22-aprile-2024","status":"publish","type":"post","link":"https:\/\/ambsanjose.esteri.it\/es\/news\/dall_ambasciata\/2024\/04\/celebrazione-in-costa-rica-della-giornata-della-ricerca-italiana-nel-mondo-il-contributo-italiano-alla-ricerca-scientifica-in-costa-rica-22-aprile-2024\/","title":{"rendered":"Celebraci\u00f3n del D\u00eda de la Investigaci\u00f3n Italiana en Costa Rica. \u201cEl aporte italiano a la investigaci\u00f3n cient\u00edfica en Costa Rica\u201d (22 de abril de 2024)."},"content":{"rendered":"<p>1. La Embajada de Italia celebr\u00f3 el 22 de abril de 2024 &#8211; por primera vez en Costa Rica &#8211; la s\u00e9ptima edici\u00f3n del D\u00eda de la Investigaci\u00f3n Italiana en el Mundo (GRIM) mediante la organizaci\u00f3n de un seminario sobre &#8220;La contribuci\u00f3n italiana a la investigaci\u00f3n cient\u00edfica en Costa Rica&#8221;. El evento fue organizado en colaboraci\u00f3n con la Universidad de Costa Rica (UCR) en la prestigiosa Ciudad de la Investigaci\u00f3n de la universidad.<\/p>\n<p>El principal objetivo del evento fue resaltar la imagen de Italia como creador de ciencia e innovaci\u00f3n de calidad, as\u00ed como celebrar la excelencia italiana y la contribuci\u00f3n fundamental de los cient\u00edficos e investigadores italianos al progreso de la ciencia y la investigaci\u00f3n cient\u00edfica en el pa\u00eds que nos acoge.<\/p>\n<p>El seminario reuni\u00f3 a los m\u00e1s importantes cient\u00edficos e investigadores italianos en este pa\u00eds, y a algunos prestigiosos cient\u00edficos costarricenses, quienes compartieron sus historias y experiencias con un numeroso e interesado p\u00fablico (incluso virtual).<\/p>\n<p>Entre los participantes del evento estuvieron la Vicerrectora de Investigaci\u00f3n de la Universidad de Costa Rica, Mar\u00eda Laura Arias Echandi, y el Viceministro de Ciencia, Tecnolog\u00eda e Innovaci\u00f3n, Orlando Vega Quesada, quien inaugur\u00f3 el evento junto al Embajador de Italia.<br \/>\nTambi\u00e9n estuvieron presentes la viceministra de Cultura, Vera Beatriz Vargas Le\u00f3n, diplom\u00e1ticos, investigadores y parlamentarios.<\/p>\n<p>2. A continuaci\u00f3n, algunas presentaciones sobre los diferentes aspectos del aporte italiano a la investigaci\u00f3n cient\u00edfica en Costa Rica.<\/p>\n<p>Entre ellas las intervenciones del prof. Marino Protti sobre la contribuci\u00f3n de los italianos al desarrollo de la ciencia vulcanol\u00f3gica en Costa Rica, por la prof. Rita Bariatti sobre <a href=\"https:\/\/ambsanjose.esteri.it\/wp-content\/uploads\/2024\/04\/LA-HISTORIA-DE-LA-CIENCIA-ITALIANA-EN-COSTA-RICA-27-3.pdf\">la historia de la ciencia italiana en los siglos XV al XIX<\/a>, por la prof. Juli\u00e1n Monge-N\u00e1jera sobre el aporte de Ettore Di Girolami a la fundaci\u00f3n de los estudios de biolog\u00eda en el pa\u00eds.<\/p>\n<p>El profesor Marino Giovanni Peraldo Huertas record\u00f3 el papel de Cesare Dondoli en la creaci\u00f3n de la escuela de geolog\u00eda, prof. Bruno Chine&#8217; <a href=\"https:\/\/ambsanjose.esteri.it\/wp-content\/uploads\/2024\/04\/La-contribucion-de-la-cooperacion-italiana_borrador.docx\">la contribuci\u00f3n de la cooperaci\u00f3n italiana<\/a>, prof. Luko Hilje l<a href=\"https:\/\/ambsanjose.esteri.it\/wp-content\/uploads\/2024\/04\/Dr.-Antonio-Balli-Embajada-de-Italia-2024.pdf\">as aportaciones de Antonio Balli como bi\u00f3logo y fil\u00f3sofo<\/a>. El profesor Haaider Miranda finalmente ilustr\u00f3 <a href=\"https:\/\/ambsanjose.esteri.it\/wp-content\/uploads\/2024\/04\/La-influencia-del-derecho-italiano-en-Costa-Rica.pptx\">la influencia de la ley italiana en Costa Rica<\/a>.<\/p>\n<p>3. En \u00faltima instancia, el evento celebr\u00f3 la ciencia y la investigaci\u00f3n en los dos pa\u00edses y constituy\u00f3 un momento \u00fatil para establecer contactos e intercambiar ideas y experiencias. Adem\u00e1s de profundizar en el aporte decisivo de Italia al desarrollo cient\u00edfico de Costa Rica, como un vi\u00e1tico para fortalecer los lazos de cooperaci\u00f3n y amistad entre ambos pa\u00edses en el campo de la investigaci\u00f3n cient\u00edfica.<\/p>\n<p>El video completo del seminario est\u00e1 disponible en la p\u00e1gina <strong><a href=\"https:\/\/fb.watch\/rDpr5nOfvA\/\">https:\/\/fb.watch\/rDpr5nOfvA\/<\/a><\/strong>.<\/p>\n<p>4. El D\u00eda de la Investigaci\u00f3n Italiana en el Mundo es una iniciativa promovida por el Ministerio de Asuntos Exteriores y el Ministerio de Universidad e Investigaci\u00f3n para valorizar la investigaci\u00f3n cient\u00edfico-tecnol\u00f3gica italiana realizada en Italia y en el extranjero.<\/p>\n","protected":false},"excerpt":{"rendered":"1. La Embajada de Italia celebr\u00f3 el 22 de abril de 2024 &#8211; por primera vez en Costa Rica &#8211; la s\u00e9ptima edici\u00f3n del D\u00eda de la Investigaci\u00f3n Italiana en el Mundo (GRIM) mediante la organizaci\u00f3n de un seminario sobre &#8220;La contribuci\u00f3n italiana a la investigaci\u00f3n cient\u00edfica en Costa Rica&#8221;. El evento fue organizado en [&hellip;]","protected":false},"author":4,"featured_media":4254,"comment_status":"closed","ping_status":"closed","sticky":false,"template":"","format":"standard","meta":{"footnotes":""},"tags":[9,14],"class_list":["post-4252","post","type-post","status-publish","format-standard","has-post-thumbnail","hentry","tag-diplomazia-scientifica","tag-politica-estera"],"_links":{"self":[{"href":"https:\/\/ambsanjose.esteri.it\/es\/wp-json\/wp\/v2\/posts\/4252","targetHints":{"allow":["GET"]}}],"collection":[{"href":"https:\/\/ambsanjose.esteri.it\/es\/wp-json\/wp\/v2\/posts"}],"about":[{"href":"https:\/\/ambsanjose.esteri.it\/es\/wp-json\/wp\/v2\/types\/post"}],"author":[{"embeddable":true,"href":"https:\/\/ambsanjose.esteri.it\/es\/wp-json\/wp\/v2\/users\/4"}],"replies":[{"embeddable":true,"href":"https:\/\/ambsanjose.esteri.it\/es\/wp-json\/wp\/v2\/comments?post=4252"}],"version-history":[{"count":6,"href":"https:\/\/ambsanjose.esteri.it\/es\/wp-json\/wp\/v2\/posts\/4252\/revisions"}],"predecessor-version":[{"id":4345,"href":"https:\/\/ambsanjose.esteri.it\/es\/wp-json\/wp\/v2\/posts\/4252\/revisions\/4345"}],"wp:featuredmedia":[{"embeddable":true,"href":"https:\/\/ambsanjose.esteri.it\/es\/wp-json\/wp\/v2\/media\/4254"}],"wp:attachment":[{"href":"https:\/\/ambsanjose.esteri.it\/es\/wp-json\/wp\/v2\/media?parent=4252"}],"wp:term":[{"taxonomy":"post_tag","embeddable":true,"href":"https:\/\/ambsanjose.esteri.it\/es\/wp-json\/wp\/v2\/tags?post=4252"}],"curies":[{"name":"wp","href":"https:\/\/api.w.org\/{rel}","templated":true}]}}