{"id":4322,"date":"2024-05-02T09:40:08","date_gmt":"2024-05-02T15:40:08","guid":{"rendered":"https:\/\/ambsanjose.esteri.it\/?p=4322"},"modified":"2024-05-03T12:01:29","modified_gmt":"2024-05-03T18:01:29","slug":"la-embajada-en-san-jose-potencia-la-oferta-educativa-italiana","status":"publish","type":"post","link":"https:\/\/ambsanjose.esteri.it\/es\/news\/dall_ambasciata\/2024\/05\/la-embajada-en-san-jose-potencia-la-oferta-educativa-italiana\/","title":{"rendered":"La Embajada en San Jos\u00e8 potencia la oferta educativa italiana."},"content":{"rendered":"<p>1. El pasado 29 de abril se celebr\u00f3 el webinar &#8220;Estudiar en Italia: experiencia acad\u00e9mica y de formaci\u00f3n personal&#8221;, dirigido a poner en valor la oferta educativa italiana y dirigido a estudiantes costarricenses interesados en estudiar en Italia.<\/p>\n<p>El webinar, organizado junto con la Oficina de Relaciones Internacionales de la Universidad de Costa Rica (UCR) y en colaboraci\u00f3n con Uni-Italia (la agencia para la promoci\u00f3n del sistema de educaci\u00f3n superior en Italia), registr\u00f3 una importante participaci\u00f3n: m\u00e1s de 100 estudiantes conectados en diversas modalidades virtuales que literalmente &#8220;bombardearon&#8221; con peticiones y preguntas a los expertos presentes.<\/p>\n<p>En su discurso de apertura, el Embajador destac\u00f3 que Italia cuenta con una larga tradici\u00f3n de excelencia acad\u00e9mica, arte y cultura, lo que la convierte en uno de los destinos m\u00e1s solicitados por los estudiantes internacionales. Y que la educaci\u00f3n cursada en nuestro pa\u00eds no s\u00f3lo proporciona una s\u00f3lida base acad\u00e9mica, sino que tambi\u00e9n enriquece la experiencia personal y profesional de los j\u00f3venes.<\/p>\n<p>La intervenci\u00f3n de Viviana Gamboa, investigadora costarricense que estudi\u00f3 durante seis a\u00f1os en nuestro pa\u00eds, fue muy apreciada: su testimonio, el relato de sus experiencias y los retos a los que se enfrent\u00f3, as\u00ed como los \u00e9xitos que alcanz\u00f3, fueron una fuente de inspiraci\u00f3n inigualable para comprender lo que significa estudiar en Italia.<\/p>\n<p>El v\u00eddeo del seminario puede verse en <a href=\"https:\/\/www.facebook.com\/share\/v\/1eCQ4BcB5WSauY1x\/?mibextid=qi2Omg\">https:\/\/www.facebook.com\/share\/v\/1eCQ4BcB5WSauY1x\/?mibextid=qi2Omg<\/a>.<\/p>\n<p>2. El webinar sigui\u00f3 a la participaci\u00f3n de la Embajada el 19 de abril en la Semana Internacional 2024 de la UCR, con un stand -muy concurrido, unos 200 j\u00f3venes pasaron a pedir informaci\u00f3n- como parte de la feria de internacionalizaci\u00f3n de la universidad.<\/p>\n<p>Ambos eventos tuvieron como objetivo presentar a los estudiantes costarricenses las instituciones de educaci\u00f3n superior italianas y su oferta educativa, y brindaron informaci\u00f3n sobre los procedimientos y tr\u00e1mites de inscripci\u00f3n universitaria, las oportunidades de becas y las experiencias de estudio que ofrecen las universidades italianas.<\/p>\n<p>Y ambos eventos, en \u00faltima instancia, promovieron Italia como sistema pa\u00eds, proporcionando a los estudiantes individuales toda la informaci\u00f3n que necesitan para tomar una decisi\u00f3n informada sobre su futuro acad\u00e9mico, y para ser acompa\u00f1ados en cada paso del camino y guiados hacia una extraordinaria experiencia de estudio en Italia.<\/p>\n<p>3. En 2023, alrededor de 150 estudiantes costarricenses eligieron estudiar en universidades o instituciones AFAM en Italia.<\/p>\n<p>&nbsp;<\/p>\n","protected":false},"excerpt":{"rendered":"1. El pasado 29 de abril se celebr\u00f3 el webinar &#8220;Estudiar en Italia: experiencia acad\u00e9mica y de formaci\u00f3n personal&#8221;, dirigido a poner en valor la oferta educativa italiana y dirigido a estudiantes costarricenses interesados en estudiar en Italia. El webinar, organizado junto con la Oficina de Relaciones Internacionales de la Universidad de Costa Rica (UCR) [&hellip;]","protected":false},"author":5,"featured_media":4318,"comment_status":"closed","ping_status":"closed","sticky":false,"template":"","format":"standard","meta":{"footnotes":""},"tags":[7],"class_list":["post-4322","post","type-post","status-publish","format-standard","has-post-thumbnail","hentry","tag-diplomazia-culturale"],"_links":{"self":[{"href":"https:\/\/ambsanjose.esteri.it\/es\/wp-json\/wp\/v2\/posts\/4322","targetHints":{"allow":["GET"]}}],"collection":[{"href":"https:\/\/ambsanjose.esteri.it\/es\/wp-json\/wp\/v2\/posts"}],"about":[{"href":"https:\/\/ambsanjose.esteri.it\/es\/wp-json\/wp\/v2\/types\/post"}],"author":[{"embeddable":true,"href":"https:\/\/ambsanjose.esteri.it\/es\/wp-json\/wp\/v2\/users\/5"}],"replies":[{"embeddable":true,"href":"https:\/\/ambsanjose.esteri.it\/es\/wp-json\/wp\/v2\/comments?post=4322"}],"version-history":[{"count":2,"href":"https:\/\/ambsanjose.esteri.it\/es\/wp-json\/wp\/v2\/posts\/4322\/revisions"}],"predecessor-version":[{"id":4349,"href":"https:\/\/ambsanjose.esteri.it\/es\/wp-json\/wp\/v2\/posts\/4322\/revisions\/4349"}],"wp:featuredmedia":[{"embeddable":true,"href":"https:\/\/ambsanjose.esteri.it\/es\/wp-json\/wp\/v2\/media\/4318"}],"wp:attachment":[{"href":"https:\/\/ambsanjose.esteri.it\/es\/wp-json\/wp\/v2\/media?parent=4322"}],"wp:term":[{"taxonomy":"post_tag","embeddable":true,"href":"https:\/\/ambsanjose.esteri.it\/es\/wp-json\/wp\/v2\/tags?post=4322"}],"curies":[{"name":"wp","href":"https:\/\/api.w.org\/{rel}","templated":true}]}}