{"id":4887,"date":"2023-02-13T19:20:07","date_gmt":"2023-02-14T01:20:07","guid":{"rendered":"https:\/\/ambsanjose.esteri.it\/?p=4887"},"modified":"2024-06-18T08:50:16","modified_gmt":"2024-06-18T14:50:16","slug":"dia-de-la-memoria-del-holocausto-en-costa-rica","status":"publish","type":"post","link":"https:\/\/ambsanjose.esteri.it\/es\/news\/dall_ambasciata\/2023\/02\/dia-de-la-memoria-del-holocausto-en-costa-rica\/","title":{"rendered":"D\u00eda de la Memoria del Holocausto en Costa Rica"},"content":{"rendered":"<p>La celebraci\u00f3n en San Jos\u00e9 del <strong>D\u00eda de la Recordaci\u00f3n del Holocausto<\/strong>, conmemorado el 9 de febrero de 2023 junto con la Embajada de Israel en Costa Rica, cont\u00f3 con la presencia de un p\u00fablico atento y emocionado. El Cine Magaly, donde tuvo lugar el acto con la proyecci\u00f3n de la pel\u00edcula &#8216;Il Cielo Cade&#8217;, de Andrea y Antonio Frazzi, se llen\u00f3 con unas 200 personas.<\/p>\n<p>Antes de la pel\u00edcula, presentada por el conocido cr\u00edtico de cine italo-costarricense Mario Giacomelli, tomaron la palabra el embajador Alberto Colella, que rememor\u00f3 los tr\u00e1gicos sucesos de la deportaci\u00f3n de miles de jud\u00edos italianos a campos de exterminio, y la joven Isotta de Zandonati, que relat\u00f3 emocionada la persecuci\u00f3n de su bisabuela jud\u00eda, salvada en Venecia de la deportaci\u00f3n y escondida por una familia cat\u00f3lica durante la Segunda Guerra Mundial.<\/p>\n<p>Tambi\u00e9n estuvieron presentes autoridades diplom\u00e1ticas y religiosas.<\/p>\n<p>El Embajador tambi\u00e9n rindi\u00f3 homenaje a los aproximadamente 30 italianos sometidos a persecuci\u00f3n pol\u00edtica y encarcelamiento injusto en San Jos\u00e9 en 1941, tras la entrada de Costa Rica en la guerra contra las potencias del Eje. Muchos de los italianos que viv\u00edan entonces se vieron obligados a naturalizarse y perder su ciudadan\u00eda italiana para evitar la persecuci\u00f3n y la confiscaci\u00f3n de sus bienes.<\/p>\n","protected":false},"excerpt":{"rendered":"La celebraci\u00f3n en San Jos\u00e9 del D\u00eda de la Recordaci\u00f3n del Holocausto, conmemorado el 9 de febrero de 2023 junto con la Embajada de Israel en Costa Rica, cont\u00f3 con la presencia de un p\u00fablico atento y emocionado. El Cine Magaly, donde tuvo lugar el acto con la proyecci\u00f3n de la pel\u00edcula &#8216;Il Cielo Cade&#8217;, [&hellip;]","protected":false},"author":5,"featured_media":0,"comment_status":"closed","ping_status":"closed","sticky":false,"template":"","format":"standard","meta":{"footnotes":""},"tags":[7,10],"class_list":["post-4887","post","type-post","status-publish","format-standard","hentry","tag-diplomazia-culturale","tag-diritti-umani"],"_links":{"self":[{"href":"https:\/\/ambsanjose.esteri.it\/es\/wp-json\/wp\/v2\/posts\/4887","targetHints":{"allow":["GET"]}}],"collection":[{"href":"https:\/\/ambsanjose.esteri.it\/es\/wp-json\/wp\/v2\/posts"}],"about":[{"href":"https:\/\/ambsanjose.esteri.it\/es\/wp-json\/wp\/v2\/types\/post"}],"author":[{"embeddable":true,"href":"https:\/\/ambsanjose.esteri.it\/es\/wp-json\/wp\/v2\/users\/5"}],"replies":[{"embeddable":true,"href":"https:\/\/ambsanjose.esteri.it\/es\/wp-json\/wp\/v2\/comments?post=4887"}],"version-history":[{"count":2,"href":"https:\/\/ambsanjose.esteri.it\/es\/wp-json\/wp\/v2\/posts\/4887\/revisions"}],"predecessor-version":[{"id":5038,"href":"https:\/\/ambsanjose.esteri.it\/es\/wp-json\/wp\/v2\/posts\/4887\/revisions\/5038"}],"wp:attachment":[{"href":"https:\/\/ambsanjose.esteri.it\/es\/wp-json\/wp\/v2\/media?parent=4887"}],"wp:term":[{"taxonomy":"post_tag","embeddable":true,"href":"https:\/\/ambsanjose.esteri.it\/es\/wp-json\/wp\/v2\/tags?post=4887"}],"curies":[{"name":"wp","href":"https:\/\/api.w.org\/{rel}","templated":true}]}}