{"id":4936,"date":"2024-06-14T08:42:23","date_gmt":"2024-06-14T14:42:23","guid":{"rendered":"https:\/\/ambsanjose.esteri.it\/?p=4936"},"modified":"2024-06-14T12:42:16","modified_gmt":"2024-06-14T18:42:16","slug":"seminario-en-memoria-del-profesor-nuccio-ordine-reconocido-filosofo-e-intelectual-italiano-san-jose-11-de-junio-de-2024","status":"publish","type":"post","link":"https:\/\/ambsanjose.esteri.it\/es\/news\/dall_ambasciata\/2024\/06\/seminario-en-memoria-del-profesor-nuccio-ordine-reconocido-filosofo-e-intelectual-italiano-san-jose-11-de-junio-de-2024\/","title":{"rendered":"Seminario en memoria del profesor Nuccio Ordine, reconocido fil\u00f3sofo e intelectual italiano (San Jos\u00e9, 11 de junio de 2024)."},"content":{"rendered":"<p>Un a\u00f1o despu\u00e9s de su prematuro fallecimiento, la Embajada de Italia y las tres universidades p\u00fablicas de Costa Rica (la Universidad Nacional &#8211; UNA, el Instituto Tecnol\u00f3gico de Costa Rica &#8211; TEC, la Escuela de Estudios Generales de la Universidad de Costa Rica &#8211; UCR) organizaron el 11 de junio un <strong>seminario internacional para conmemorar la vida y el pensamiento del profesor Nuccio Ordine, fil\u00f3sofo e intelectual italiano de renombre mundial<\/strong>, ganador, entre otros, del Premio Princesa de Asturias 2023.<\/p>\n<p>El objetivo del seminario fue celebrar la vida y obra de Nuccio Ordine, convencido <strong>defensor de las humanidades<\/strong>, y promover su estudio en Costa Rica. Durante el evento se abordaron temas relacionados con su pensamiento y su contribuci\u00f3n acad\u00e9mica y cient\u00edfica.<\/p>\n<p>Tras las presentaciones del Embajador Colella, el Rector de la UNA y el Decano del Centro de Estudios Generales, la Prof. Heidy Vega Garc\u00eda, que conoci\u00f3 a Ordine y fue su alumna, hizo un detallado recorrido por su vida y su obra cient\u00edfica.<br \/>\nA continuaci\u00f3n, la profesora Vega Garc\u00eda moder\u00f3 una mesa redonda titulada &#8220;Nuccio Ordine y la defensa de las humanidades&#8221;, a la que asistieron acad\u00e9micos de Costa Rica e Italia. Desde Calabria, donde Ordine vivi\u00f3 y ense\u00f1\u00f3, lleg\u00f3 una sentida contribuci\u00f3n de su asistente Sara Amendola, que habl\u00f3 en particular de los estudios del cient\u00edfico sobre Giordano Bruno.<\/p>\n<p>En la segunda parte del seminario, los acad\u00e9micos de la Escuela de Estudios Generales de la UCR, Tatiana Herrera, Javier Ag\u00fcero Garc\u00eda y Randall Carrera Uma\u00f1a, debatieron sobre &#8220;La universalidad en el pensamiento del profesor Nuccio Ordine&#8221;.<\/p>\n<p>El seminario fue finalizado por Jaime Ordo\u00f1ez Chac\u00f3n, director del Instituto Centroamericano de Gobernabilidad (ICG), quien ofreci\u00f3 sus reflexiones sobre el legado intelectual de Nuccio Ordine.<\/p>\n<p style=\"text-align: justify;\">Paralelamente al seminario, la Biblioteca Universitaria de la UNA organiz\u00f3 una <strong>exposici\u00f3n dedicada a los principales libros<\/strong> escritos por el profesor Ordine, en espa\u00f1ol e italiano, con el fin de profundizar en su conocimiento.<\/p>\n<p>El evento fue un gran \u00e9xito, y demostr\u00f3 el amplio reconocimiento y aprecio del pensamiento y las obras originales del fil\u00f3sofo italiano incluso en la lejana Costa Rica.<\/p>\n<p>La grabaci\u00f3n en v\u00eddeo del seminario est\u00e1 en: <a href=\"https:\/\/drive.google.com\/file\/d\/1RAdImtvDMyuqL6AZYbzA5eBLo2CkoK1G\/view\">https:\/\/drive.google.com\/file\/d\/1RAdImtvDMyuqL6AZYbzA5eBLo2CkoK1G\/view<\/a>.<\/p>\n","protected":false},"excerpt":{"rendered":"Un a\u00f1o despu\u00e9s de su prematuro fallecimiento, la Embajada de Italia y las tres universidades p\u00fablicas de Costa Rica (la Universidad Nacional &#8211; UNA, el Instituto Tecnol\u00f3gico de Costa Rica &#8211; TEC, la Escuela de Estudios Generales de la Universidad de Costa Rica &#8211; UCR) organizaron el 11 de junio un seminario internacional para conmemorar [&hellip;]","protected":false},"author":4,"featured_media":4931,"comment_status":"closed","ping_status":"closed","sticky":false,"template":"","format":"standard","meta":{"footnotes":""},"tags":[7,12],"class_list":["post-4936","post","type-post","status-publish","format-standard","has-post-thumbnail","hentry","tag-diplomazia-culturale","tag-italiani-nel-mondo"],"_links":{"self":[{"href":"https:\/\/ambsanjose.esteri.it\/es\/wp-json\/wp\/v2\/posts\/4936","targetHints":{"allow":["GET"]}}],"collection":[{"href":"https:\/\/ambsanjose.esteri.it\/es\/wp-json\/wp\/v2\/posts"}],"about":[{"href":"https:\/\/ambsanjose.esteri.it\/es\/wp-json\/wp\/v2\/types\/post"}],"author":[{"embeddable":true,"href":"https:\/\/ambsanjose.esteri.it\/es\/wp-json\/wp\/v2\/users\/4"}],"replies":[{"embeddable":true,"href":"https:\/\/ambsanjose.esteri.it\/es\/wp-json\/wp\/v2\/comments?post=4936"}],"version-history":[{"count":6,"href":"https:\/\/ambsanjose.esteri.it\/es\/wp-json\/wp\/v2\/posts\/4936\/revisions"}],"predecessor-version":[{"id":4957,"href":"https:\/\/ambsanjose.esteri.it\/es\/wp-json\/wp\/v2\/posts\/4936\/revisions\/4957"}],"wp:featuredmedia":[{"embeddable":true,"href":"https:\/\/ambsanjose.esteri.it\/es\/wp-json\/wp\/v2\/media\/4931"}],"wp:attachment":[{"href":"https:\/\/ambsanjose.esteri.it\/es\/wp-json\/wp\/v2\/media?parent=4936"}],"wp:term":[{"taxonomy":"post_tag","embeddable":true,"href":"https:\/\/ambsanjose.esteri.it\/es\/wp-json\/wp\/v2\/tags?post=4936"}],"curies":[{"name":"wp","href":"https:\/\/api.w.org\/{rel}","templated":true}]}}