{"id":5098,"date":"2024-06-25T07:36:48","date_gmt":"2024-06-25T13:36:48","guid":{"rendered":"https:\/\/ambsanjose.esteri.it\/?p=5098"},"modified":"2024-06-25T10:41:03","modified_gmt":"2024-06-25T16:41:03","slug":"en-costa-rica-una-banca-roja-en-la-embajada-de-italia-simbolo-de-la-lucha-contra-la-violencia-y-la-discriminacion-de-la-mujer","status":"publish","type":"post","link":"https:\/\/ambsanjose.esteri.it\/es\/news\/dall_ambasciata\/2024\/06\/en-costa-rica-una-banca-roja-en-la-embajada-de-italia-simbolo-de-la-lucha-contra-la-violencia-y-la-discriminacion-de-la-mujer\/","title":{"rendered":"En Costa Rica una banca roja en la Embajada de Italia, simbolo de la lucha contra la violencia y la discriminaci\u00f3n de la mujer."},"content":{"rendered":"<p>Se ha inaugurado oficialmente una banca roja en el jard\u00edn de la Embajada de Italia en San Jos\u00e9, s\u00edmbolo del compromiso en la lucha contra la violencia y la discriminaci\u00f3n de las mujeres.<\/p>\n<p>La iniciativa surge de una invitaci\u00f3n del Ministro de Asuntos Exteriores a la red diplom\u00e1tico-consular italiana para que se uniera a la campa\u00f1a de &#8220;Le panchine rosse&#8221; para combatir la violencia de g\u00e9nero y los feminicidios en particular.<\/p>\n<p>La banca fue colocada en la sede diplom\u00e1tica costarricense en presencia de la Ministra de la Mujer, Cindy Quesada Rodriguez, la Coordinadora Residente de la ONU, Allegra Baiocchi, Embajadoras de varios pa\u00edses y personal de la sede.<\/p>\n<p>&#8220;En este d\u00eda, reafirmamos nuestro compromiso de seguir adelante, de seguir luchando, hasta que cada banco, cada calle, cada rinc\u00f3n de nuestro mundo sea seguro para todas las mujeres&#8221;, dijo el Embajador de Italia durante la ceremonia de inauguraci\u00f3n.<\/p>\n<p>Al mismo tiempo, tambi\u00e9n se aprob\u00f3 la <a href=\"https:\/\/ambsanjose.esteri.it\/wp-content\/uploads\/2024\/06\/ESP-Dichiarazione-di-spazio-libero-da-discriminazione-e-violenza-contro-le-donne-6.pdf\"><strong>Declaraci\u00f3n de un Espacio Libre de Discriminaci\u00f3n y Violencia contra las Mujeres<\/strong><\/a>, con la que la Embajada de Italia en Costa Rica y su personal, reconociendo los derechos fundamentales de todas las personas, declaran solemnemente su compromiso de mantener el lugar de trabajo como un espacio seguro y libre de discriminaci\u00f3n y violencia contra las mujeres.<\/p>\n<p>La banca roja de la Embajada de Italia fue realizada por una cooperativa de cuatro mujeres, llamada &#8220;Mulheres forjando el metal&#8221;, que participaron en la ceremonia.<\/p>\n","protected":false},"excerpt":{"rendered":"Se ha inaugurado oficialmente una banca roja en el jard\u00edn de la Embajada de Italia en San Jos\u00e9, s\u00edmbolo del compromiso en la lucha contra la violencia y la discriminaci\u00f3n de las mujeres. La iniciativa surge de una invitaci\u00f3n del Ministro de Asuntos Exteriores a la red diplom\u00e1tico-consular italiana para que se uniera a la [&hellip;]","protected":false},"author":4,"featured_media":5093,"comment_status":"closed","ping_status":"closed","sticky":false,"template":"","format":"standard","meta":{"footnotes":""},"tags":[7,10,12,14],"class_list":["post-5098","post","type-post","status-publish","format-standard","has-post-thumbnail","hentry","tag-diplomazia-culturale","tag-diritti-umani","tag-italiani-nel-mondo","tag-politica-estera"],"_links":{"self":[{"href":"https:\/\/ambsanjose.esteri.it\/es\/wp-json\/wp\/v2\/posts\/5098","targetHints":{"allow":["GET"]}}],"collection":[{"href":"https:\/\/ambsanjose.esteri.it\/es\/wp-json\/wp\/v2\/posts"}],"about":[{"href":"https:\/\/ambsanjose.esteri.it\/es\/wp-json\/wp\/v2\/types\/post"}],"author":[{"embeddable":true,"href":"https:\/\/ambsanjose.esteri.it\/es\/wp-json\/wp\/v2\/users\/4"}],"replies":[{"embeddable":true,"href":"https:\/\/ambsanjose.esteri.it\/es\/wp-json\/wp\/v2\/comments?post=5098"}],"version-history":[{"count":5,"href":"https:\/\/ambsanjose.esteri.it\/es\/wp-json\/wp\/v2\/posts\/5098\/revisions"}],"predecessor-version":[{"id":5138,"href":"https:\/\/ambsanjose.esteri.it\/es\/wp-json\/wp\/v2\/posts\/5098\/revisions\/5138"}],"wp:featuredmedia":[{"embeddable":true,"href":"https:\/\/ambsanjose.esteri.it\/es\/wp-json\/wp\/v2\/media\/5093"}],"wp:attachment":[{"href":"https:\/\/ambsanjose.esteri.it\/es\/wp-json\/wp\/v2\/media?parent=5098"}],"wp:term":[{"taxonomy":"post_tag","embeddable":true,"href":"https:\/\/ambsanjose.esteri.it\/es\/wp-json\/wp\/v2\/tags?post=5098"}],"curies":[{"name":"wp","href":"https:\/\/api.w.org\/{rel}","templated":true}]}}