{"id":5275,"date":"2024-06-27T07:58:26","date_gmt":"2024-06-27T13:58:26","guid":{"rendered":"https:\/\/ambsanjose.esteri.it\/?p=5275"},"modified":"2024-06-27T14:08:52","modified_gmt":"2024-06-27T20:08:52","slug":"ceremonia-de-entrega-de-la-orden-de-la-estrella-de-italia","status":"publish","type":"post","link":"https:\/\/ambsanjose.esteri.it\/es\/news\/dall_ambasciata\/2024\/06\/ceremonia-de-entrega-de-la-orden-de-la-estrella-de-italia\/","title":{"rendered":"Ceremonia de entrega de la Orden de la Estrella de Italia."},"content":{"rendered":"<p>El 25 de junio, en la Residencia del Embajador de Italia, se celebr\u00f3 una ceremonia para conferir el grado de Caballero de la Orden de la Estrella de Italia a cuatro personalidades del mundo de la ciencia, la literatura y el servicio p\u00fablico de Costa Rica.<\/p>\n<p>Los galardonados fueron dos cient\u00edficos italianos, <strong>Bruno Lomonte<\/strong>, Profesor Em\u00e9rito del Instituto Clodomiro Picado de la Universidad de Costa Rica y uno de los expertos en veneno de serpiente m\u00e1s conocidos del mundo, y <strong>Franco Pupulin,<\/strong> Director de Investigaci\u00f3n de los Jardines Lankester y uno de los mayores expertos mundiales en orqu\u00eddeas.<\/p>\n<p>Tambi\u00e9n fueron distinguidos el poeta y ensayista <strong>Rafael \u00c1ngel Herra<\/strong> y la Directora de la Biblioteca Nacional, <strong>Laura Rodr\u00edguez Amador<\/strong>.<\/p>\n<p>&#8220;La concesi\u00f3n de la Orden de la Estrella de Italia atestigua el valor y la calidad de la comunidad italiana en Costa Rica&#8221;, coment\u00f3 el Embajador en San Jos\u00e9, Alberto Colella. &#8220;Todos los homenajeados esta noche aportan una importante contribuci\u00f3n -cada uno en su sector y campo de trabajo- a las relaciones entre Italia y nuestro pa\u00eds anfitri\u00f3n&#8221;, a\u00f1adi\u00f3.<\/p>\n<p>La Embajada de Italia felicita calurosamente a los galardonados.<\/p>\n<p>Vea la <a href=\"https:\/\/ambsanjose.esteri.it\/it\/galleria-immagini\/conferimento-dellonorificenza-di-cavaliere-dellordine-della-stella-ditalia-25-giugno-2024\/\">galer\u00eda de fotos de la ceremonia\u00a0<\/a><\/p>\n","protected":false},"excerpt":{"rendered":"El 25 de junio, en la Residencia del Embajador de Italia, se celebr\u00f3 una ceremonia para conferir el grado de Caballero de la Orden de la Estrella de Italia a cuatro personalidades del mundo de la ciencia, la literatura y el servicio p\u00fablico de Costa Rica. Los galardonados fueron dos cient\u00edficos italianos, Bruno Lomonte, Profesor [&hellip;]","protected":false},"author":4,"featured_media":5265,"comment_status":"closed","ping_status":"closed","sticky":false,"template":"","format":"standard","meta":{"footnotes":""},"tags":[7,12,14],"class_list":["post-5275","post","type-post","status-publish","format-standard","has-post-thumbnail","hentry","tag-diplomazia-culturale","tag-italiani-nel-mondo","tag-politica-estera"],"_links":{"self":[{"href":"https:\/\/ambsanjose.esteri.it\/es\/wp-json\/wp\/v2\/posts\/5275","targetHints":{"allow":["GET"]}}],"collection":[{"href":"https:\/\/ambsanjose.esteri.it\/es\/wp-json\/wp\/v2\/posts"}],"about":[{"href":"https:\/\/ambsanjose.esteri.it\/es\/wp-json\/wp\/v2\/types\/post"}],"author":[{"embeddable":true,"href":"https:\/\/ambsanjose.esteri.it\/es\/wp-json\/wp\/v2\/users\/4"}],"replies":[{"embeddable":true,"href":"https:\/\/ambsanjose.esteri.it\/es\/wp-json\/wp\/v2\/comments?post=5275"}],"version-history":[{"count":3,"href":"https:\/\/ambsanjose.esteri.it\/es\/wp-json\/wp\/v2\/posts\/5275\/revisions"}],"predecessor-version":[{"id":5301,"href":"https:\/\/ambsanjose.esteri.it\/es\/wp-json\/wp\/v2\/posts\/5275\/revisions\/5301"}],"wp:featuredmedia":[{"embeddable":true,"href":"https:\/\/ambsanjose.esteri.it\/es\/wp-json\/wp\/v2\/media\/5265"}],"wp:attachment":[{"href":"https:\/\/ambsanjose.esteri.it\/es\/wp-json\/wp\/v2\/media?parent=5275"}],"wp:term":[{"taxonomy":"post_tag","embeddable":true,"href":"https:\/\/ambsanjose.esteri.it\/es\/wp-json\/wp\/v2\/tags?post=5275"}],"curies":[{"name":"wp","href":"https:\/\/api.w.org\/{rel}","templated":true}]}}