{"id":5360,"date":"2024-07-04T09:31:01","date_gmt":"2024-07-04T15:31:01","guid":{"rendered":"https:\/\/ambsanjose.esteri.it\/?p=5360"},"modified":"2024-07-04T09:37:54","modified_gmt":"2024-07-04T15:37:54","slug":"el-4-de-julio-es-el-dia-dedicado-a-italia-en-el-festival-de-cine-europeo-en-el-magaly","status":"publish","type":"post","link":"https:\/\/ambsanjose.esteri.it\/es\/news\/dall_ambasciata\/2024\/07\/el-4-de-julio-es-el-dia-dedicado-a-italia-en-el-festival-de-cine-europeo-en-el-magaly\/","title":{"rendered":"El 4 de julio es el d\u00eda dedicado a Italia en el Festival de cine europeo en el Magaly."},"content":{"rendered":"<p>El 4 de julio es el d\u00eda dedicado a Italia en el Festival de cine europeo en el Magaly. Se proyectar\u00e1n dos hermosas y profundas pel\u00edculas italianas, de tem\u00e1tica realmente multinacional y europea. Dos pel\u00edculas verdaderamente europeas.<\/p>\n<p>Se trata de<em> Io sto bene<\/em> (2020), de Donato Rotunno, e <em>Il Boemo<\/em> (El bohemio), de Petr V\u00e1clav.<\/p>\n<p><em>Io sto bene<\/em> cuenta la historia de Antonio, que ha vivido toda su vida en Luxemburgo, lejos de su patria en Italia. Ahora, jubilado y pocos meses despu\u00e9s de la muerte de su esposa Mady, conoce a Leo, una joven italiana que intenta establecerse en el mundo de la m\u00fasica como videojockey. Sus destinos chocan y en un juego de recuerdos entre pasado y presente intentan encontrar un futuro mejor para ambos.<\/p>\n<p><em>Il Boemo<\/em> es una coproducci\u00f3n italo-checa de 2022 dirigida por Petr V\u00e1clav e inspirada en la vida del compositor Josef Myslive\u010dek y, en particular, en su carrera en Italia. La pel\u00edcula cuenta la historia de este artista que se hizo un nombre en la Italia del siglo XVIII, imaginando aquellos pasajes de su vida que se han perdido para los hechos hist\u00f3ricos, con la intenci\u00f3n de reconstruir fielmente el esp\u00edritu de su tiempo y la riqueza de Italia, que en aquella \u00e9poca florec\u00eda con cortes y rep\u00fablicas deseosas de sobresalir.<\/p>\n<p>&nbsp;<\/p>\n<p><strong>La velada estar\u00e1 animada por buena m\u00fasica italiana y c\u00f3cteles.<\/strong><\/p>\n<p><strong>Las entradas est\u00e1n disponibles en la taquilla del cine.<\/strong><\/p>\n<p><img loading=\"lazy\" decoding=\"async\" class=\"alignleft wp-image-5355 img-fluid\" src=\"https:\/\/ambsanjose.esteri.it\/wp-content\/uploads\/2024\/07\/WhatsApp-Image-2024-07-04-at-05.02.29-300x169.jpeg\" alt=\"\" width=\"382\" height=\"215\" srcset=\"https:\/\/ambsanjose.esteri.it\/wp-content\/uploads\/2024\/07\/WhatsApp-Image-2024-07-04-at-05.02.29-300x169.jpeg 300w, https:\/\/ambsanjose.esteri.it\/wp-content\/uploads\/2024\/07\/WhatsApp-Image-2024-07-04-at-05.02.29-1024x576.jpeg 1024w, https:\/\/ambsanjose.esteri.it\/wp-content\/uploads\/2024\/07\/WhatsApp-Image-2024-07-04-at-05.02.29-768x432.jpeg 768w, https:\/\/ambsanjose.esteri.it\/wp-content\/uploads\/2024\/07\/WhatsApp-Image-2024-07-04-at-05.02.29.jpeg 1200w\" sizes=\"auto, (max-width: 382px) 100vw, 382px\" \/> <img loading=\"lazy\" decoding=\"async\" class=\"alignleft wp-image-5353 img-fluid\" src=\"https:\/\/ambsanjose.esteri.it\/wp-content\/uploads\/2024\/07\/WhatsApp-Image-2024-07-04-at-05.02.29-1-222x300.jpeg\" alt=\"\" width=\"311\" height=\"420\" srcset=\"https:\/\/ambsanjose.esteri.it\/wp-content\/uploads\/2024\/07\/WhatsApp-Image-2024-07-04-at-05.02.29-1-222x300.jpeg 222w, https:\/\/ambsanjose.esteri.it\/wp-content\/uploads\/2024\/07\/WhatsApp-Image-2024-07-04-at-05.02.29-1.jpeg 539w\" sizes=\"auto, (max-width: 311px) 100vw, 311px\" \/><\/p>\n","protected":false},"excerpt":{"rendered":"El 4 de julio es el d\u00eda dedicado a Italia en el Festival de cine europeo en el Magaly. Se proyectar\u00e1n dos hermosas y profundas pel\u00edculas italianas, de tem\u00e1tica realmente multinacional y europea. Dos pel\u00edculas verdaderamente europeas. Se trata de Io sto bene (2020), de Donato Rotunno, e Il Boemo (El bohemio), de Petr V\u00e1clav. [&hellip;]","protected":false},"author":5,"featured_media":5349,"comment_status":"closed","ping_status":"closed","sticky":false,"template":"","format":"standard","meta":{"footnotes":""},"tags":[7,12,15],"class_list":["post-5360","post","type-post","status-publish","format-standard","has-post-thumbnail","hentry","tag-diplomazia-culturale","tag-italiani-nel-mondo","tag-unione-europea"],"_links":{"self":[{"href":"https:\/\/ambsanjose.esteri.it\/es\/wp-json\/wp\/v2\/posts\/5360","targetHints":{"allow":["GET"]}}],"collection":[{"href":"https:\/\/ambsanjose.esteri.it\/es\/wp-json\/wp\/v2\/posts"}],"about":[{"href":"https:\/\/ambsanjose.esteri.it\/es\/wp-json\/wp\/v2\/types\/post"}],"author":[{"embeddable":true,"href":"https:\/\/ambsanjose.esteri.it\/es\/wp-json\/wp\/v2\/users\/5"}],"replies":[{"embeddable":true,"href":"https:\/\/ambsanjose.esteri.it\/es\/wp-json\/wp\/v2\/comments?post=5360"}],"version-history":[{"count":3,"href":"https:\/\/ambsanjose.esteri.it\/es\/wp-json\/wp\/v2\/posts\/5360\/revisions"}],"predecessor-version":[{"id":5368,"href":"https:\/\/ambsanjose.esteri.it\/es\/wp-json\/wp\/v2\/posts\/5360\/revisions\/5368"}],"wp:featuredmedia":[{"embeddable":true,"href":"https:\/\/ambsanjose.esteri.it\/es\/wp-json\/wp\/v2\/media\/5349"}],"wp:attachment":[{"href":"https:\/\/ambsanjose.esteri.it\/es\/wp-json\/wp\/v2\/media?parent=5360"}],"wp:term":[{"taxonomy":"post_tag","embeddable":true,"href":"https:\/\/ambsanjose.esteri.it\/es\/wp-json\/wp\/v2\/tags?post=5360"}],"curies":[{"name":"wp","href":"https:\/\/api.w.org\/{rel}","templated":true}]}}