{"id":5940,"date":"2024-09-25T12:13:02","date_gmt":"2024-09-25T18:13:02","guid":{"rendered":"https:\/\/ambsanjose.esteri.it\/?p=5940"},"modified":"2024-09-27T11:12:02","modified_gmt":"2024-09-27T17:12:02","slug":"seminario-italo-costarricense-por-el-35-aniversario-de-la-corte-constitucional-de-costa-rica","status":"publish","type":"post","link":"https:\/\/ambsanjose.esteri.it\/es\/news\/dall_ambasciata\/2024\/09\/seminario-italo-costarricense-por-el-35-aniversario-de-la-corte-constitucional-de-costa-rica\/","title":{"rendered":"Seminario \u00edtalo-costarricense por el 35 aniversario de la Corte Constitucional de Costa Rica."},"content":{"rendered":"<p>La Facultad de Derecho de la UCR, en colaboraci\u00f3n con la Embajada de Italia en Costa Rica, la Corte Suprema de Justicia y el Colegio de Abogados, organiz\u00f3 un seminario cient\u00edfico con motivo del 35 aniversario de la Sala Constitucional de Costa Rica.<\/p>\n<p>El seminario celebr\u00f3 el papel de la justicia constitucional italiana, de los juristas y de la Corte Constitucional de nuestro pa\u00eds en la creaci\u00f3n de la Corte costarricense. Cont\u00f3 con la participaci\u00f3n de una prestigiosa delegaci\u00f3n de constitucionalistas italianos de las Universidades de Pisa y Siena.<\/p>\n<p>D\u00f3nde: 24 y 25 de septiembre de 2024, en el auditorio Alberto Brenes C\u00f3rdoba de la Facultad de Derecho de la UCR.<\/p>\n<p><a href=\"https:\/\/ambsanjose.esteri.it\/wp-content\/uploads\/2024\/09\/Programa_35_aniversario_Sala_Constitucional-comprimido.pdf\">Programa de actividades<\/a><\/p>\n<p><img loading=\"lazy\" decoding=\"async\" class=\"alignnone size-medium wp-image-5936 img-fluid\" src=\"https:\/\/ambsanjose.esteri.it\/wp-content\/uploads\/2024\/09\/WhatsApp-Image-2024-09-25-at-11.49.23-300x225.jpeg\" alt=\"\" width=\"300\" height=\"225\" srcset=\"https:\/\/ambsanjose.esteri.it\/wp-content\/uploads\/2024\/09\/WhatsApp-Image-2024-09-25-at-11.49.23-300x225.jpeg 300w, https:\/\/ambsanjose.esteri.it\/wp-content\/uploads\/2024\/09\/WhatsApp-Image-2024-09-25-at-11.49.23-1024x768.jpeg 1024w, https:\/\/ambsanjose.esteri.it\/wp-content\/uploads\/2024\/09\/WhatsApp-Image-2024-09-25-at-11.49.23-768x576.jpeg 768w, https:\/\/ambsanjose.esteri.it\/wp-content\/uploads\/2024\/09\/WhatsApp-Image-2024-09-25-at-11.49.23.jpeg 1600w\" sizes=\"auto, (max-width: 300px) 100vw, 300px\" \/><\/p>\n<p>&nbsp;<\/p>\n","protected":false},"excerpt":{"rendered":"La Facultad de Derecho de la UCR, en colaboraci\u00f3n con la Embajada de Italia en Costa Rica, la Corte Suprema de Justicia y el Colegio de Abogados, organiz\u00f3 un seminario cient\u00edfico con motivo del 35 aniversario de la Sala Constitucional de Costa Rica. El seminario celebr\u00f3 el papel de la justicia constitucional italiana, de los [&hellip;]","protected":false},"author":4,"featured_media":5933,"comment_status":"closed","ping_status":"closed","sticky":false,"template":"","format":"standard","meta":{"footnotes":""},"tags":[7,12,14],"class_list":["post-5940","post","type-post","status-publish","format-standard","has-post-thumbnail","hentry","tag-diplomazia-culturale","tag-italiani-nel-mondo","tag-politica-estera"],"_links":{"self":[{"href":"https:\/\/ambsanjose.esteri.it\/es\/wp-json\/wp\/v2\/posts\/5940","targetHints":{"allow":["GET"]}}],"collection":[{"href":"https:\/\/ambsanjose.esteri.it\/es\/wp-json\/wp\/v2\/posts"}],"about":[{"href":"https:\/\/ambsanjose.esteri.it\/es\/wp-json\/wp\/v2\/types\/post"}],"author":[{"embeddable":true,"href":"https:\/\/ambsanjose.esteri.it\/es\/wp-json\/wp\/v2\/users\/4"}],"replies":[{"embeddable":true,"href":"https:\/\/ambsanjose.esteri.it\/es\/wp-json\/wp\/v2\/comments?post=5940"}],"version-history":[{"count":2,"href":"https:\/\/ambsanjose.esteri.it\/es\/wp-json\/wp\/v2\/posts\/5940\/revisions"}],"predecessor-version":[{"id":5949,"href":"https:\/\/ambsanjose.esteri.it\/es\/wp-json\/wp\/v2\/posts\/5940\/revisions\/5949"}],"wp:featuredmedia":[{"embeddable":true,"href":"https:\/\/ambsanjose.esteri.it\/es\/wp-json\/wp\/v2\/media\/5933"}],"wp:attachment":[{"href":"https:\/\/ambsanjose.esteri.it\/es\/wp-json\/wp\/v2\/media?parent=5940"}],"wp:term":[{"taxonomy":"post_tag","embeddable":true,"href":"https:\/\/ambsanjose.esteri.it\/es\/wp-json\/wp\/v2\/tags?post=5940"}],"curies":[{"name":"wp","href":"https:\/\/api.w.org\/{rel}","templated":true}]}}