{"id":7032,"date":"2024-12-23T08:42:58","date_gmt":"2024-12-23T14:42:58","guid":{"rendered":"https:\/\/ambsanjose.esteri.it\/?p=7032"},"modified":"2024-12-23T08:45:07","modified_gmt":"2024-12-23T14:45:07","slug":"obras-de-arte-precolombinas-restituidas-a-costa-rica","status":"publish","type":"post","link":"https:\/\/ambsanjose.esteri.it\/es\/news\/dall_ambasciata\/2024\/12\/obras-de-arte-precolombinas-restituidas-a-costa-rica\/","title":{"rendered":"Obras de arte precolombinas restituidas a Costa Rica"},"content":{"rendered":"<p>El Mando de los Carabinieri de Udine para la Protecci\u00f3n del Patrimonio Cultural entreg\u00f3 recientemente a la Embajada de Costa Rica en Roma dos obras de arte de la \u00e9poca precolombina, sustra\u00eddas ilegalmente y ahora devueltas al gobierno costarricense.<\/p>\n","protected":false},"excerpt":{"rendered":"El Mando de los Carabinieri de Udine para la Protecci\u00f3n del Patrimonio Cultural entreg\u00f3 recientemente a la Embajada de Costa Rica en Roma dos obras de arte de la \u00e9poca precolombina, sustra\u00eddas ilegalmente y ahora devueltas al gobierno costarricense.","protected":false},"author":5,"featured_media":7026,"comment_status":"closed","ping_status":"closed","sticky":false,"template":"","format":"standard","meta":{"footnotes":""},"tags":[7,12],"class_list":["post-7032","post","type-post","status-publish","format-standard","has-post-thumbnail","hentry","tag-diplomazia-culturale","tag-italiani-nel-mondo"],"_links":{"self":[{"href":"https:\/\/ambsanjose.esteri.it\/es\/wp-json\/wp\/v2\/posts\/7032","targetHints":{"allow":["GET"]}}],"collection":[{"href":"https:\/\/ambsanjose.esteri.it\/es\/wp-json\/wp\/v2\/posts"}],"about":[{"href":"https:\/\/ambsanjose.esteri.it\/es\/wp-json\/wp\/v2\/types\/post"}],"author":[{"embeddable":true,"href":"https:\/\/ambsanjose.esteri.it\/es\/wp-json\/wp\/v2\/users\/5"}],"replies":[{"embeddable":true,"href":"https:\/\/ambsanjose.esteri.it\/es\/wp-json\/wp\/v2\/comments?post=7032"}],"version-history":[{"count":1,"href":"https:\/\/ambsanjose.esteri.it\/es\/wp-json\/wp\/v2\/posts\/7032\/revisions"}],"predecessor-version":[{"id":7035,"href":"https:\/\/ambsanjose.esteri.it\/es\/wp-json\/wp\/v2\/posts\/7032\/revisions\/7035"}],"wp:featuredmedia":[{"embeddable":true,"href":"https:\/\/ambsanjose.esteri.it\/es\/wp-json\/wp\/v2\/media\/7026"}],"wp:attachment":[{"href":"https:\/\/ambsanjose.esteri.it\/es\/wp-json\/wp\/v2\/media?parent=7032"}],"wp:term":[{"taxonomy":"post_tag","embeddable":true,"href":"https:\/\/ambsanjose.esteri.it\/es\/wp-json\/wp\/v2\/tags?post=7032"}],"curies":[{"name":"wp","href":"https:\/\/api.w.org\/{rel}","templated":true}]}}