{"id":7205,"date":"2025-01-10T09:22:46","date_gmt":"2025-01-10T15:22:46","guid":{"rendered":"https:\/\/ambsanjose.esteri.it\/?p=7205"},"modified":"2025-01-15T12:40:13","modified_gmt":"2025-01-15T18:40:13","slug":"celebracion-del-dia-de-la-bandera-italiana-7-de-enero-de-2025","status":"publish","type":"post","link":"https:\/\/ambsanjose.esteri.it\/es\/news\/dall_ambasciata\/2025\/01\/celebracion-del-dia-de-la-bandera-italiana-7-de-enero-de-2025\/","title":{"rendered":"Celebraci\u00f3n del D\u00eda de la Bandera Italiana (7 de enero de 2025)."},"content":{"rendered":"<p>El 7 de enero, el edificio del Instituto Nacional de Seguros (INS) en San Jos\u00e9 se ti\u00f1\u00f3 con los colores de la bandera italiana.<\/p>\n<p>El 7 de enero se celebra el D\u00eda de la Bandera Nacional, el D\u00eda de la Tricolor. La fecha elegida para esta celebraci\u00f3n recuerda el 7 de enero de 1797, cuando el Parlamento de la reci\u00e9n formada Rep\u00fablica Cispadana, el primer Estado soberano italiano, proclam\u00f3 \u00abuniversal\u00bb la bandera de los tres colores verde, blanco y rojo, que simbolizan respectivamente la esperanza de libertad, la fe y el amor a la patria.<\/p>\n<p>En 1947, la Asamblea Constituyente aprob\u00f3 la tricolor \u00abcon bandas verticales de igual tama\u00f1o\u00bb como bandera de la Rep\u00fablica Italiana y la incluy\u00f3 en el art\u00edculo 12 de la Constituci\u00f3n.<\/p>\n<p>La Tricolor representa nuestra historia e identidad nacional, y es un s\u00edmbolo de esperanza y orgullo para todos aquellos que aman nuestra naci\u00f3n.<\/p>\n<p>\u00a1Gracias al Grupo INS por su colaboraci\u00f3n!<\/p>\n","protected":false},"excerpt":{"rendered":"El 7 de enero, el edificio del Instituto Nacional de Seguros (INS) en San Jos\u00e9 se ti\u00f1\u00f3 con los colores de la bandera italiana. El 7 de enero se celebra el D\u00eda de la Bandera Nacional, el D\u00eda de la Tricolor. La fecha elegida para esta celebraci\u00f3n recuerda el 7 de enero de 1797, cuando [&hellip;]","protected":false},"author":4,"featured_media":7199,"comment_status":"closed","ping_status":"closed","sticky":false,"template":"","format":"standard","meta":{"footnotes":""},"tags":[7,12],"class_list":["post-7205","post","type-post","status-publish","format-standard","has-post-thumbnail","hentry","tag-diplomazia-culturale","tag-italiani-nel-mondo"],"_links":{"self":[{"href":"https:\/\/ambsanjose.esteri.it\/es\/wp-json\/wp\/v2\/posts\/7205","targetHints":{"allow":["GET"]}}],"collection":[{"href":"https:\/\/ambsanjose.esteri.it\/es\/wp-json\/wp\/v2\/posts"}],"about":[{"href":"https:\/\/ambsanjose.esteri.it\/es\/wp-json\/wp\/v2\/types\/post"}],"author":[{"embeddable":true,"href":"https:\/\/ambsanjose.esteri.it\/es\/wp-json\/wp\/v2\/users\/4"}],"replies":[{"embeddable":true,"href":"https:\/\/ambsanjose.esteri.it\/es\/wp-json\/wp\/v2\/comments?post=7205"}],"version-history":[{"count":1,"href":"https:\/\/ambsanjose.esteri.it\/es\/wp-json\/wp\/v2\/posts\/7205\/revisions"}],"predecessor-version":[{"id":7208,"href":"https:\/\/ambsanjose.esteri.it\/es\/wp-json\/wp\/v2\/posts\/7205\/revisions\/7208"}],"wp:featuredmedia":[{"embeddable":true,"href":"https:\/\/ambsanjose.esteri.it\/es\/wp-json\/wp\/v2\/media\/7199"}],"wp:attachment":[{"href":"https:\/\/ambsanjose.esteri.it\/es\/wp-json\/wp\/v2\/media?parent=7205"}],"wp:term":[{"taxonomy":"post_tag","embeddable":true,"href":"https:\/\/ambsanjose.esteri.it\/es\/wp-json\/wp\/v2\/tags?post=7205"}],"curies":[{"name":"wp","href":"https:\/\/api.w.org\/{rel}","templated":true}]}}