{"id":7629,"date":"2025-02-07T12:10:44","date_gmt":"2025-02-07T18:10:44","guid":{"rendered":"https:\/\/ambsanjose.esteri.it\/?p=7629"},"modified":"2025-02-13T10:00:48","modified_gmt":"2025-02-13T16:00:48","slug":"7629","status":"publish","type":"post","link":"https:\/\/ambsanjose.esteri.it\/es\/news\/dall_ambasciata\/2025\/02\/7629\/","title":{"rendered":"Firma de un acuerdo de cooperaci\u00f3n entre el CIMAR y el Consejo Nacional de Investigaci\u00f3n (CNR)."},"content":{"rendered":"<p>En el marco de una misi\u00f3n en Centroam\u00e9rica, la Presidenta del Consejo Nacional de Investigaci\u00f3n (CNR), Maria Chiara Carrozza, visit\u00f3 Costa Rica del 3 al 5 de febrero, con el objetivo de promover y fomentar la colaboraci\u00f3n bilateral con las universidades, instituciones de investigaci\u00f3n e investigadores del pa\u00eds.<\/p>\n<p>En San Jos\u00e9, la Presidenta Carrozza firm\u00f3 un<strong> acuerdo de cooperaci\u00f3n con el CIMAR &#8211; Centro de Biolog\u00eda Marina de la Universidad de Costa Rica (UCR)<\/strong> y visit\u00f3 las instalaciones cient\u00edficas de la prestigiosa universidad.<\/p>\n<p>A continuaci\u00f3n visit\u00f3 el Centro Nacional de Alta Tecnolog\u00eda (CeNAT) y se reuni\u00f3 con la Conferencia de Rectores de Costa Rica (CONARE), que re\u00fane a los rectores de las cinco universidades p\u00fablicas del pa\u00eds. Ambas instituciones est\u00e1n preparando un acuerdo marco de colaboraci\u00f3n cient\u00edfica y tecnol\u00f3gica.<\/p>\n<p>En una recepci\u00f3n en la Residencia Italiana, el Presidente se reuni\u00f3 finalmente con cient\u00edficos italianos en Costa Rica, los numerosos investigadores costarricenses que estudian en nuestro pa\u00eds, representantes del gobierno y del mundo acad\u00e9mico local, con el objetivo de reforzar la colaboraci\u00f3n cient\u00edfica entre ambos pa\u00edses.<\/p>\n","protected":false},"excerpt":{"rendered":"En el marco de una misi\u00f3n en Centroam\u00e9rica, la Presidenta del Consejo Nacional de Investigaci\u00f3n (CNR), Maria Chiara Carrozza, visit\u00f3 Costa Rica del 3 al 5 de febrero, con el objetivo de promover y fomentar la colaboraci\u00f3n bilateral con las universidades, instituciones de investigaci\u00f3n e investigadores del pa\u00eds. En San Jos\u00e9, la Presidenta Carrozza firm\u00f3 [&hellip;]","protected":false},"author":5,"featured_media":7614,"comment_status":"closed","ping_status":"closed","sticky":false,"template":"","format":"standard","meta":{"footnotes":""},"tags":[9,12,14],"class_list":["post-7629","post","type-post","status-publish","format-standard","has-post-thumbnail","hentry","tag-diplomazia-scientifica","tag-italiani-nel-mondo","tag-politica-estera"],"_links":{"self":[{"href":"https:\/\/ambsanjose.esteri.it\/es\/wp-json\/wp\/v2\/posts\/7629","targetHints":{"allow":["GET"]}}],"collection":[{"href":"https:\/\/ambsanjose.esteri.it\/es\/wp-json\/wp\/v2\/posts"}],"about":[{"href":"https:\/\/ambsanjose.esteri.it\/es\/wp-json\/wp\/v2\/types\/post"}],"author":[{"embeddable":true,"href":"https:\/\/ambsanjose.esteri.it\/es\/wp-json\/wp\/v2\/users\/5"}],"replies":[{"embeddable":true,"href":"https:\/\/ambsanjose.esteri.it\/es\/wp-json\/wp\/v2\/comments?post=7629"}],"version-history":[{"count":3,"href":"https:\/\/ambsanjose.esteri.it\/es\/wp-json\/wp\/v2\/posts\/7629\/revisions"}],"predecessor-version":[{"id":7669,"href":"https:\/\/ambsanjose.esteri.it\/es\/wp-json\/wp\/v2\/posts\/7629\/revisions\/7669"}],"wp:featuredmedia":[{"embeddable":true,"href":"https:\/\/ambsanjose.esteri.it\/es\/wp-json\/wp\/v2\/media\/7614"}],"wp:attachment":[{"href":"https:\/\/ambsanjose.esteri.it\/es\/wp-json\/wp\/v2\/media?parent=7629"}],"wp:term":[{"taxonomy":"post_tag","embeddable":true,"href":"https:\/\/ambsanjose.esteri.it\/es\/wp-json\/wp\/v2\/tags?post=7629"}],"curies":[{"name":"wp","href":"https:\/\/api.w.org\/{rel}","templated":true}]}}