{"id":7912,"date":"2025-03-04T14:49:07","date_gmt":"2025-03-04T20:49:07","guid":{"rendered":"https:\/\/ambsanjose.esteri.it\/?p=7912"},"modified":"2025-03-20T09:15:05","modified_gmt":"2025-03-20T15:15:05","slug":"un-viaggio-nella-storia-e-cultura-italiana-a-san-vito-de-coto-brus","status":"publish","type":"post","link":"https:\/\/ambsanjose.esteri.it\/es\/news\/dall_ambasciata\/2025\/03\/un-viaggio-nella-storia-e-cultura-italiana-a-san-vito-de-coto-brus\/","title":{"rendered":"Un viaje por la historia y la cultura italianas en San Vito de Coto Brus (28 de fevrero 2025)"},"content":{"rendered":"<p>Con motivo del 73\u00ba aniversario de su fundaci\u00f3n, la Embajada visit\u00f3 la vibrante ciudad de San Vito de Coto Brus, en el coraz\u00f3n de la regi\u00f3n sur de Costa Rica. Fundada en 1953 por la <a href=\"http:\/\/www.pgrweb.go.cr\/scij\/Busqueda\/Normativa\/Normas\/nrm_texto_completo.aspx?nValor1=1&amp;nValor2=3307\">Sociedad Italiana de Colonizaci\u00f3n Agricola (SICA)<\/a>, San Vito conserva hoy en d\u00eda un fuerte v\u00ednculo con Italia: muchos de sus habitantes son descendientes de los primeros colonos italianos y, en sus 12 escuelas p\u00fablicas, el italiano es una lengua curricular.<\/p>\n<p>El viernes 28 de febrero de 2025, la ciudad acogi\u00f3 un d\u00eda lleno de eventos culturales que celebraron Italia y su legado.<\/p>\n<p>En colaboraci\u00f3n con actores locales como la sede de la Dante Alighieri, el Municipio y las escuelas, se llevaron a cabo numerosas actividades. Entre ellas, un Taller de poes\u00eda con la participaci\u00f3n de dos poetas italo-costarricenses, dedicado a los estudiantes, y la inauguraci\u00f3n de una exposici\u00f3n sobre el ilustre pintor italiano Il Perugino, que estar\u00e1 abierta al p\u00fablico local durante todo el mes de marzo.<\/p>\n<p>La visita tambi\u00e9n incluy\u00f3 un recorrido por las escuelas en las que se ense\u00f1a italiano, testimonio de un fuerte lazo ling\u00fc\u00edstico y cultural que perdura con el tiempo.<\/p>\n<p>Estos d\u00edas tuvieron una especial importancia al fortalecer los lazos entre Italia y San Vito, un verdadero \u201crinc\u00f3n\u201d italiano en Costa Rica, donde las tradiciones y la cultura italianas contin\u00faan siendo preservadas con orgullo.<\/p>\n<p>Para un repaso a las fotos, v\u00e9ase la Galer\u00eda: <a href=\"https:\/\/ambsanjose.esteri.it\/it\/galleria-immagini\/missione-alla-colonia-italiana-di-san-vito-in-occasione-del-73mo-anniversario-della-fondazione-27-febbraio-2-marzo-2025\/\">https:\/\/ambsanjose.esteri.it\/it\/galleria-immagini\/missione-alla-colonia-italiana-di-san-vito-in-occasione-del-73mo-anniversario-della-fondazione-27-febbraio-2-marzo-2025\/<\/a>.<\/p>\n","protected":false},"excerpt":{"rendered":"Con motivo del 73\u00ba aniversario de su fundaci\u00f3n, la Embajada visit\u00f3 la vibrante ciudad de San Vito de Coto Brus, en el coraz\u00f3n de la regi\u00f3n sur de Costa Rica. Fundada en 1953 por la Sociedad Italiana de Colonizaci\u00f3n Agricola (SICA), San Vito conserva hoy en d\u00eda un fuerte v\u00ednculo con Italia: muchos de sus [&hellip;]","protected":false},"author":5,"featured_media":7975,"comment_status":"closed","ping_status":"closed","sticky":false,"template":"","format":"standard","meta":{"footnotes":""},"tags":[7,12],"class_list":["post-7912","post","type-post","status-publish","format-standard","has-post-thumbnail","hentry","tag-diplomazia-culturale","tag-italiani-nel-mondo"],"_links":{"self":[{"href":"https:\/\/ambsanjose.esteri.it\/es\/wp-json\/wp\/v2\/posts\/7912","targetHints":{"allow":["GET"]}}],"collection":[{"href":"https:\/\/ambsanjose.esteri.it\/es\/wp-json\/wp\/v2\/posts"}],"about":[{"href":"https:\/\/ambsanjose.esteri.it\/es\/wp-json\/wp\/v2\/types\/post"}],"author":[{"embeddable":true,"href":"https:\/\/ambsanjose.esteri.it\/es\/wp-json\/wp\/v2\/users\/5"}],"replies":[{"embeddable":true,"href":"https:\/\/ambsanjose.esteri.it\/es\/wp-json\/wp\/v2\/comments?post=7912"}],"version-history":[{"count":6,"href":"https:\/\/ambsanjose.esteri.it\/es\/wp-json\/wp\/v2\/posts\/7912\/revisions"}],"predecessor-version":[{"id":8102,"href":"https:\/\/ambsanjose.esteri.it\/es\/wp-json\/wp\/v2\/posts\/7912\/revisions\/8102"}],"wp:featuredmedia":[{"embeddable":true,"href":"https:\/\/ambsanjose.esteri.it\/es\/wp-json\/wp\/v2\/media\/7975"}],"wp:attachment":[{"href":"https:\/\/ambsanjose.esteri.it\/es\/wp-json\/wp\/v2\/media?parent=7912"}],"wp:term":[{"taxonomy":"post_tag","embeddable":true,"href":"https:\/\/ambsanjose.esteri.it\/es\/wp-json\/wp\/v2\/tags?post=7912"}],"curies":[{"name":"wp","href":"https:\/\/api.w.org\/{rel}","templated":true}]}}