{"id":8033,"date":"2025-03-07T12:01:41","date_gmt":"2025-03-07T18:01:41","guid":{"rendered":"https:\/\/ambsanjose.esteri.it\/?p=8033"},"modified":"2025-03-07T12:02:52","modified_gmt":"2025-03-07T18:02:52","slug":"evento-proyeccion-de-la-serie-documental-mano-dopera","status":"publish","type":"post","link":"https:\/\/ambsanjose.esteri.it\/es\/news\/dall_ambasciata\/2025\/03\/evento-proyeccion-de-la-serie-documental-mano-dopera\/","title":{"rendered":"Evento: Proyecci\u00f3n de la serie documental \u00abMano d&#8217;Opera\u00bb"},"content":{"rendered":"<p>La Embajada de Italia tiene el honor de invitar al p\u00fablico a la proyecci\u00f3n de la docuserie \u00ab<strong>Mano d&#8217;Opera<\/strong>\u00bb, que tendr\u00e1 lugar los d\u00edas 12 y 19 de marzo de 2025 en la Sala Cullell de la Escuela de Artes Musicales de la Universidad de Costa Rica.<\/p>\n<p>En dos episodios especiales, la docuserie le llevar\u00e1 a un exclusivo recorrido entre bastidores por algunos de los teatros de \u00f3pera m\u00e1s emblem\u00e1ticos de Italia: el Teatro Massimo de Palermo, el Maggio Fiorentino, la Arena de Verona, la Accademia de Verona y el Teatro alla Scala de Mil\u00e1n.<\/p>\n<p>La proyecci\u00f3n ser\u00e1 una oportunidad \u00fanica para descubrir la historia y la evoluci\u00f3n de los principales oficios de la \u00f3pera italiana (iluminaci\u00f3n, vestuario y escenograf\u00eda) a trav\u00e9s de los testimonios de profesionales que trabajan lejos de la mirada del p\u00fablico.<\/p>\n<p>Al sumergirse en este viaje, el p\u00fablico obtendr\u00e1 una perspectiva nueva y fascinante de estas instituciones centrales para la vida cultural del pa\u00eds y de las profesiones \u00abinvisibles\u00bb que hacen posible esta antigua forma de expresi\u00f3n art\u00edstica.<\/p>\n<p>Los interesados pueden escribir a: <a href=\"mailto:segreteria.sanjose@esteri.it\">segreteria.sanjose@esteri.it<\/a><\/p>\n<p>Esperamos poder compartir juntos esta fascinante experiencia.<\/p>\n","protected":false},"excerpt":{"rendered":"La Embajada de Italia tiene el honor de invitar al p\u00fablico a la proyecci\u00f3n de la docuserie \u00abMano d&#8217;Opera\u00bb, que tendr\u00e1 lugar los d\u00edas 12 y 19 de marzo de 2025 en la Sala Cullell de la Escuela de Artes Musicales de la Universidad de Costa Rica. En dos episodios especiales, la docuserie le llevar\u00e1 [&hellip;]","protected":false},"author":5,"featured_media":8030,"comment_status":"closed","ping_status":"closed","sticky":false,"template":"","format":"standard","meta":{"footnotes":""},"tags":[7],"class_list":["post-8033","post","type-post","status-publish","format-standard","has-post-thumbnail","hentry","tag-diplomazia-culturale"],"_links":{"self":[{"href":"https:\/\/ambsanjose.esteri.it\/es\/wp-json\/wp\/v2\/posts\/8033","targetHints":{"allow":["GET"]}}],"collection":[{"href":"https:\/\/ambsanjose.esteri.it\/es\/wp-json\/wp\/v2\/posts"}],"about":[{"href":"https:\/\/ambsanjose.esteri.it\/es\/wp-json\/wp\/v2\/types\/post"}],"author":[{"embeddable":true,"href":"https:\/\/ambsanjose.esteri.it\/es\/wp-json\/wp\/v2\/users\/5"}],"replies":[{"embeddable":true,"href":"https:\/\/ambsanjose.esteri.it\/es\/wp-json\/wp\/v2\/comments?post=8033"}],"version-history":[{"count":1,"href":"https:\/\/ambsanjose.esteri.it\/es\/wp-json\/wp\/v2\/posts\/8033\/revisions"}],"predecessor-version":[{"id":8036,"href":"https:\/\/ambsanjose.esteri.it\/es\/wp-json\/wp\/v2\/posts\/8033\/revisions\/8036"}],"wp:featuredmedia":[{"embeddable":true,"href":"https:\/\/ambsanjose.esteri.it\/es\/wp-json\/wp\/v2\/media\/8030"}],"wp:attachment":[{"href":"https:\/\/ambsanjose.esteri.it\/es\/wp-json\/wp\/v2\/media?parent=8033"}],"wp:term":[{"taxonomy":"post_tag","embeddable":true,"href":"https:\/\/ambsanjose.esteri.it\/es\/wp-json\/wp\/v2\/tags?post=8033"}],"curies":[{"name":"wp","href":"https:\/\/api.w.org\/{rel}","templated":true}]}}