{"id":8038,"date":"2025-03-07T12:49:46","date_gmt":"2025-03-07T18:49:46","guid":{"rendered":"https:\/\/ambsanjose.esteri.it\/?p=8038"},"modified":"2025-03-07T13:01:31","modified_gmt":"2025-03-07T19:01:31","slug":"campionesse-di-innovazione-tra-sport-e-made-in-italy","status":"publish","type":"post","link":"https:\/\/ambsanjose.esteri.it\/es\/news\/dall_ambasciata\/2025\/03\/campionesse-di-innovazione-tra-sport-e-made-in-italy\/","title":{"rendered":"Pioneras de la Excelencia: sinergia entre el Deporte y la Artesan\u00eda Italiana"},"content":{"rendered":"<p>Con motivo del <strong>D\u00eda Internacional de la Mujer<\/strong>, celebramos el talento, la pasi\u00f3n y el ingenio de las empresarias italianas que est\u00e1n revolucionando la industria deportiva con productos totalmente Made in Italy.<\/p>\n<p>El proyecto &#8220;<strong>Pioneras de la Excelencia: sinergia entre el Deporte y la Artesan\u00eda Italiana<\/strong>&#8220;, ideado por el Ministerio de Asuntos Exteriores y Confartigianato, pone en valor ocho historias de excelencia de mujeres que combinan innovaci\u00f3n, sostenibilidad y tradici\u00f3n artesanal en el mundo del deporte. Desde el equipamiento t\u00e9cnico hasta la moda deportiva, desde las tecnolog\u00edas avanzadas hasta la eco-sostenibilidad, cada producto nace en Italia y lleva consigo el valor de nuestra savoir-faire.<\/p>\n<p>Hoy celebramos estas realidades y promovemos un futuro en el que la innovaci\u00f3n y el cambio sean impulsados por el talento y la competencia italiana.<\/p>\n<p>&nbsp;<\/p>\n","protected":false},"excerpt":{"rendered":"Con motivo del D\u00eda Internacional de la Mujer, celebramos el talento, la pasi\u00f3n y el ingenio de las empresarias italianas que est\u00e1n revolucionando la industria deportiva con productos totalmente Made in Italy. El proyecto &#8220;Pioneras de la Excelencia: sinergia entre el Deporte y la Artesan\u00eda Italiana&#8220;, ideado por el Ministerio de Asuntos Exteriores y Confartigianato, [&hellip;]","protected":false},"author":5,"featured_media":8040,"comment_status":"closed","ping_status":"closed","sticky":false,"template":"","format":"standard","meta":{"footnotes":""},"tags":[7,8,12],"class_list":["post-8038","post","type-post","status-publish","format-standard","has-post-thumbnail","hentry","tag-diplomazia-culturale","tag-diplomazia-economica","tag-italiani-nel-mondo"],"_links":{"self":[{"href":"https:\/\/ambsanjose.esteri.it\/es\/wp-json\/wp\/v2\/posts\/8038","targetHints":{"allow":["GET"]}}],"collection":[{"href":"https:\/\/ambsanjose.esteri.it\/es\/wp-json\/wp\/v2\/posts"}],"about":[{"href":"https:\/\/ambsanjose.esteri.it\/es\/wp-json\/wp\/v2\/types\/post"}],"author":[{"embeddable":true,"href":"https:\/\/ambsanjose.esteri.it\/es\/wp-json\/wp\/v2\/users\/5"}],"replies":[{"embeddable":true,"href":"https:\/\/ambsanjose.esteri.it\/es\/wp-json\/wp\/v2\/comments?post=8038"}],"version-history":[{"count":3,"href":"https:\/\/ambsanjose.esteri.it\/es\/wp-json\/wp\/v2\/posts\/8038\/revisions"}],"predecessor-version":[{"id":8059,"href":"https:\/\/ambsanjose.esteri.it\/es\/wp-json\/wp\/v2\/posts\/8038\/revisions\/8059"}],"wp:featuredmedia":[{"embeddable":true,"href":"https:\/\/ambsanjose.esteri.it\/es\/wp-json\/wp\/v2\/media\/8040"}],"wp:attachment":[{"href":"https:\/\/ambsanjose.esteri.it\/es\/wp-json\/wp\/v2\/media?parent=8038"}],"wp:term":[{"taxonomy":"post_tag","embeddable":true,"href":"https:\/\/ambsanjose.esteri.it\/es\/wp-json\/wp\/v2\/tags?post=8038"}],"curies":[{"name":"wp","href":"https:\/\/api.w.org\/{rel}","templated":true}]}}