{"id":8134,"date":"2025-03-28T12:35:19","date_gmt":"2025-03-28T18:35:19","guid":{"rendered":"https:\/\/ambsanjose.esteri.it\/?p=8134"},"modified":"2025-03-28T12:45:15","modified_gmt":"2025-03-28T18:45:15","slug":"preestreno-de-la-pelicula-parthenope-los-amores-de-napoles-2","status":"publish","type":"post","link":"https:\/\/ambsanjose.esteri.it\/es\/news\/dall_ambasciata\/2025\/03\/preestreno-de-la-pelicula-parthenope-los-amores-de-napoles-2\/","title":{"rendered":"Preestreno de la pel\u00edcula \u201cParthenope: los amores de N\u00e1poles\u201d."},"content":{"rendered":"<p>El 26 de marzo de 2025, la Embajada de Italia en Costa Rica acogi\u00f3 el preestreno de la nueva pel\u00edcula Parthenope, escrita y dirigida por el ganador del Oscar Paolo Sorrentino. En esta obra, Sorrentino quiso rendir homenaje a su ciudad natal, N\u00e1poles, ofreciendo una mirada \u00edntima y visionaria al recorrido de crecimiento de Parthenope, una joven, y su compleja relaci\u00f3n con una tierra tan querida como llena de contradicciones.<\/p>\n<p>La proyecci\u00f3n de la pel\u00edcula, que tuvo lugar en la sala principal del Cine Magaly de San Jos\u00e9, fue un gran \u00e9xito entre el p\u00fablico, tanto italiano como internacional, que apreci\u00f3 la fuerza narrativa y el estilo \u00fanico del director napolitano.<\/p>\n<p>Durante el evento tambi\u00e9n se anunci\u00f3 el III Festival de Cine Italiano, que se realizar\u00e1 en San Jos\u00e9 del 24 al 27 de abril de 2025.<\/p>\n<p><img loading=\"lazy\" decoding=\"async\" class=\"alignnone size-medium wp-image-8149 img-fluid\" src=\"https:\/\/ambsanjose.esteri.it\/wp-content\/uploads\/2025\/03\/Parthenope-1-300x200.jpeg\" alt=\"\" width=\"300\" height=\"200\" srcset=\"https:\/\/ambsanjose.esteri.it\/wp-content\/uploads\/2025\/03\/Parthenope-1-300x200.jpeg 300w, https:\/\/ambsanjose.esteri.it\/wp-content\/uploads\/2025\/03\/Parthenope-1-1024x683.jpeg 1024w, https:\/\/ambsanjose.esteri.it\/wp-content\/uploads\/2025\/03\/Parthenope-1-768x512.jpeg 768w, https:\/\/ambsanjose.esteri.it\/wp-content\/uploads\/2025\/03\/Parthenope-1.jpeg 1920w\" sizes=\"auto, (max-width: 300px) 100vw, 300px\" \/> <img loading=\"lazy\" decoding=\"async\" class=\"alignnone size-medium wp-image-8151 img-fluid\" src=\"https:\/\/ambsanjose.esteri.it\/wp-content\/uploads\/2025\/03\/Parthenope-2-300x200.jpeg\" alt=\"\" width=\"300\" height=\"200\" srcset=\"https:\/\/ambsanjose.esteri.it\/wp-content\/uploads\/2025\/03\/Parthenope-2-300x200.jpeg 300w, https:\/\/ambsanjose.esteri.it\/wp-content\/uploads\/2025\/03\/Parthenope-2-1024x683.jpeg 1024w, https:\/\/ambsanjose.esteri.it\/wp-content\/uploads\/2025\/03\/Parthenope-2-768x512.jpeg 768w, https:\/\/ambsanjose.esteri.it\/wp-content\/uploads\/2025\/03\/Parthenope-2.jpeg 1920w\" sizes=\"auto, (max-width: 300px) 100vw, 300px\" \/><\/p>\n","protected":false},"excerpt":{"rendered":"El 26 de marzo de 2025, la Embajada de Italia en Costa Rica acogi\u00f3 el preestreno de la nueva pel\u00edcula Parthenope, escrita y dirigida por el ganador del Oscar Paolo Sorrentino. En esta obra, Sorrentino quiso rendir homenaje a su ciudad natal, N\u00e1poles, ofreciendo una mirada \u00edntima y visionaria al recorrido de crecimiento de Parthenope, [&hellip;]","protected":false},"author":4,"featured_media":8081,"comment_status":"closed","ping_status":"closed","sticky":false,"template":"","format":"standard","meta":{"footnotes":""},"tags":[],"class_list":["post-8134","post","type-post","status-publish","format-standard","has-post-thumbnail","hentry"],"_links":{"self":[{"href":"https:\/\/ambsanjose.esteri.it\/es\/wp-json\/wp\/v2\/posts\/8134","targetHints":{"allow":["GET"]}}],"collection":[{"href":"https:\/\/ambsanjose.esteri.it\/es\/wp-json\/wp\/v2\/posts"}],"about":[{"href":"https:\/\/ambsanjose.esteri.it\/es\/wp-json\/wp\/v2\/types\/post"}],"author":[{"embeddable":true,"href":"https:\/\/ambsanjose.esteri.it\/es\/wp-json\/wp\/v2\/users\/4"}],"replies":[{"embeddable":true,"href":"https:\/\/ambsanjose.esteri.it\/es\/wp-json\/wp\/v2\/comments?post=8134"}],"version-history":[{"count":2,"href":"https:\/\/ambsanjose.esteri.it\/es\/wp-json\/wp\/v2\/posts\/8134\/revisions"}],"predecessor-version":[{"id":8156,"href":"https:\/\/ambsanjose.esteri.it\/es\/wp-json\/wp\/v2\/posts\/8134\/revisions\/8156"}],"wp:featuredmedia":[{"embeddable":true,"href":"https:\/\/ambsanjose.esteri.it\/es\/wp-json\/wp\/v2\/media\/8081"}],"wp:attachment":[{"href":"https:\/\/ambsanjose.esteri.it\/es\/wp-json\/wp\/v2\/media?parent=8134"}],"wp:term":[{"taxonomy":"post_tag","embeddable":true,"href":"https:\/\/ambsanjose.esteri.it\/es\/wp-json\/wp\/v2\/tags?post=8134"}],"curies":[{"name":"wp","href":"https:\/\/api.w.org\/{rel}","templated":true}]}}