{"id":8570,"date":"2025-04-23T19:28:04","date_gmt":"2025-04-24T01:28:04","guid":{"rendered":"https:\/\/ambsanjose.esteri.it\/?p=8570"},"modified":"2025-04-23T19:36:55","modified_gmt":"2025-04-24T01:36:55","slug":"8570","status":"publish","type":"post","link":"https:\/\/ambsanjose.esteri.it\/es\/news\/dall_ambasciata\/2025\/04\/8570\/","title":{"rendered":"D\u00eda de la Investigaci\u00f3n Italiana en el Mundo (22 de abril de 2025)"},"content":{"rendered":"<p>Con ocasi\u00f3n del 8\u00ba D\u00eda de la Investigaci\u00f3n Italiana en el Mundo, la Embajada de Italia en Costa Rica promovi\u00f3 una iniciativa para valorizar la contribuci\u00f3n de la investigaci\u00f3n italiana a nivel mundial, en l\u00ednea con la acci\u00f3n de diplomacia cient\u00edfica llevada a cabo en los \u00faltimos a\u00f1os, con el objetivo de fortalecer los lazos entre el mundo de la investigaci\u00f3n italiano y costarricense, y valorizar la excelencia cient\u00edfica italiana.<\/p>\n<p>\u00ab<em>La Embajada promueve eventos de diplomacia cient\u00edfica con el objetivo de fortalecer los lazos entre el mundo de la investigaci\u00f3n italiano y costarricense, y valorizar la excelencia cient\u00edfica italiana en el pa\u00eds<\/em>\u00bb, dijo el Embajador italiano Alberto Colella. \u00ab<em>Organizamos el 22 de abril, en colaboraci\u00f3n con la Universidad de Costa Rica (UCR) y el INAF &#8211; Instituto Nacional de Astrof\u00edsica, el evento \u00bb<strong>Cielos italianos: un viaje cient\u00edfico entre San Jos\u00e9 y Roma<\/strong>\u00ab, acogido en las instalaciones del moderno Planetario de la UCR<\/em>\u00bb.<\/p>\n<p>El evento fue dise\u00f1ado especialmente para ni\u00f1os y estudiantes de escuelas costarricenses, pero tambi\u00e9n apreciado por todo el p\u00fablico interesado, con el objetivo de valorizar la ciencia italiana y la cooperaci\u00f3n cient\u00edfica entre los dos pa\u00edses.<\/p>\n<p>Fue un evento \u00fanico, una experiencia educativa y fascinante para todos los participantes: a trav\u00e9s de una serie de proyecciones y presentaciones, los numerosos asistentes tuvieron la oportunidad de explorar el cielo nocturno de Roma, las constelaciones visibles desde la capital italiana y los lazos cient\u00edficos entre Costa Rica e Italia.<\/p>\n<p>La iniciativa comenz\u00f3 con la presentaci\u00f3n del libro &#8220;<strong>Roma. Seconda stella a destra<\/strong>&#8221;\u00a0(Roma. Segunda estrella a la derecha), una gu\u00eda astrotur\u00edstica dedicada a descubrir el cielo oculto de la capital, producida por el Instituto Nacional de Astrof\u00edsica. Se distribuyeron ejemplares del libro entre los participantes en la iniciativa.<\/p>\n<p>Durante el acto de presentaci\u00f3n de la iniciativa, en presencia del Director de Relaciones Internacionales de la UCR, Luis Adri\u00e1n Mora Rodr\u00edguez, tambi\u00e9n se present\u00f3 el volumen impreso que recoge las actas de la conferencia organizada en 2024 sobre \u201cLa contribuci\u00f3n italiana a la investigaci\u00f3n cient\u00edfica en Costa Rica\u201d, organizada por la Embajada de Italia con motivo del 7\u00b0 D\u00eda de la Investigaci\u00f3n Italiana. La publicaci\u00f3n recoge las aportaciones de los m\u00e1s importantes cient\u00edficos e investigadores italianos en el pa\u00eds, as\u00ed como de algunos prestigiosos cient\u00edficos costarricenses, que compartieron sus historias y experiencias.<\/p>\n<p>Durante el evento tambi\u00e9n se anunci\u00f3 la finalizaci\u00f3n de un acuerdo de colaboraci\u00f3n entre el CNR italiano y el Centro Costarricense de Alta Tecnolog\u00eda (CeNAT). El acuerdo, que tambi\u00e9n es fruto de la misi\u00f3n del CNR del pasado mes de enero, se firmar\u00e1 el pr\u00f3ximo mes de junio al margen de la Conferencia sobre los Oc\u00e9anos que se celebrar\u00e1 en Niza.<\/p>\n<p>Estas actividades y anuncios atestiguan el dinamismo y la calidad de la presencia y la cooperaci\u00f3n cient\u00edficas de Italia en Costa Rica.<\/p>\n<p>Una galer\u00eda de fotos del evento del Planetario est\u00e1 disponible en <a href=\"https:\/\/ambsanjose.esteri.it\/it\/galleria-immagini\/cieli-italiani-un-viaggio-scientifico-tra-san-jose-e-roma-22-aprile-2025\/\">nuestro sitio web<\/a>.<\/p>\n","protected":false},"excerpt":{"rendered":"Con ocasi\u00f3n del 8\u00ba D\u00eda de la Investigaci\u00f3n Italiana en el Mundo, la Embajada de Italia en Costa Rica promovi\u00f3 una iniciativa para valorizar la contribuci\u00f3n de la investigaci\u00f3n italiana a nivel mundial, en l\u00ednea con la acci\u00f3n de diplomacia cient\u00edfica llevada a cabo en los \u00faltimos a\u00f1os, con el objetivo de fortalecer los lazos [&hellip;]","protected":false},"author":5,"featured_media":8545,"comment_status":"closed","ping_status":"closed","sticky":false,"template":"","format":"standard","meta":{"footnotes":""},"tags":[9],"class_list":["post-8570","post","type-post","status-publish","format-standard","has-post-thumbnail","hentry","tag-diplomazia-scientifica"],"_links":{"self":[{"href":"https:\/\/ambsanjose.esteri.it\/es\/wp-json\/wp\/v2\/posts\/8570","targetHints":{"allow":["GET"]}}],"collection":[{"href":"https:\/\/ambsanjose.esteri.it\/es\/wp-json\/wp\/v2\/posts"}],"about":[{"href":"https:\/\/ambsanjose.esteri.it\/es\/wp-json\/wp\/v2\/types\/post"}],"author":[{"embeddable":true,"href":"https:\/\/ambsanjose.esteri.it\/es\/wp-json\/wp\/v2\/users\/5"}],"replies":[{"embeddable":true,"href":"https:\/\/ambsanjose.esteri.it\/es\/wp-json\/wp\/v2\/comments?post=8570"}],"version-history":[{"count":2,"href":"https:\/\/ambsanjose.esteri.it\/es\/wp-json\/wp\/v2\/posts\/8570\/revisions"}],"predecessor-version":[{"id":8574,"href":"https:\/\/ambsanjose.esteri.it\/es\/wp-json\/wp\/v2\/posts\/8570\/revisions\/8574"}],"wp:featuredmedia":[{"embeddable":true,"href":"https:\/\/ambsanjose.esteri.it\/es\/wp-json\/wp\/v2\/media\/8545"}],"wp:attachment":[{"href":"https:\/\/ambsanjose.esteri.it\/es\/wp-json\/wp\/v2\/media?parent=8570"}],"wp:term":[{"taxonomy":"post_tag","embeddable":true,"href":"https:\/\/ambsanjose.esteri.it\/es\/wp-json\/wp\/v2\/tags?post=8570"}],"curies":[{"name":"wp","href":"https:\/\/api.w.org\/{rel}","templated":true}]}}