{"id":8756,"date":"2025-05-20T14:02:15","date_gmt":"2025-05-20T20:02:15","guid":{"rendered":"https:\/\/ambsanjose.esteri.it\/?p=8756"},"modified":"2025-05-26T13:51:39","modified_gmt":"2025-05-26T19:51:39","slug":"exposicion-sobre-el-pintor-italiano-il-perugino","status":"publish","type":"post","link":"https:\/\/ambsanjose.esteri.it\/es\/news\/dall_ambasciata\/2025\/05\/exposicion-sobre-el-pintor-italiano-il-perugino\/","title":{"rendered":"Exposici\u00f3n sobre el pintor italiano \u201cIl Perugino\u201d."},"content":{"rendered":"<p style=\"text-align: center;\">La Embajada de Italia, en colaboraci\u00f3n con la Municipalidad de La Uni\u00f3n,<\/p>\n<p style=\"text-align: center;\">tiene el honor de invitar al acto de <strong>inauguraci\u00f3n de la exposici\u00f3n sobre el pintor italiano \u201cIl Perugino\u201d<\/strong>.<\/p>\n<p style=\"text-align: center;\">El pr\u00f3ximo <strong>martes 27 de mayo, a las 4 pm<\/strong>, en la Casona Municipal de la Municipalidad de La Uni\u00f3n, costado este del Masxmenos de Tres R\u00edos.<\/p>\n<p style=\"text-align: center;\">Se ofrecer\u00e1 un cafe al t\u00e9rmino del acto protocolario.<br \/>\nSe agradece confirmar la participaci\u00f3n al correo <a href=\"mailto:segreteria.sanjose@esteri.it\">segreteria.sanjose@esteri.it<\/a>.<\/p>\n","protected":false},"excerpt":{"rendered":"La Embajada de Italia, en colaboraci\u00f3n con la Municipalidad de La Uni\u00f3n, tiene el honor de invitar al acto de inauguraci\u00f3n de la exposici\u00f3n sobre el pintor italiano \u201cIl Perugino\u201d. El pr\u00f3ximo martes 27 de mayo, a las 4 pm, en la Casona Municipal de la Municipalidad de La Uni\u00f3n, costado este del Masxmenos de [&hellip;]","protected":false},"author":5,"featured_media":8749,"comment_status":"closed","ping_status":"closed","sticky":false,"template":"","format":"standard","meta":{"footnotes":""},"tags":[7],"class_list":["post-8756","post","type-post","status-publish","format-standard","has-post-thumbnail","hentry","tag-diplomazia-culturale"],"_links":{"self":[{"href":"https:\/\/ambsanjose.esteri.it\/es\/wp-json\/wp\/v2\/posts\/8756","targetHints":{"allow":["GET"]}}],"collection":[{"href":"https:\/\/ambsanjose.esteri.it\/es\/wp-json\/wp\/v2\/posts"}],"about":[{"href":"https:\/\/ambsanjose.esteri.it\/es\/wp-json\/wp\/v2\/types\/post"}],"author":[{"embeddable":true,"href":"https:\/\/ambsanjose.esteri.it\/es\/wp-json\/wp\/v2\/users\/5"}],"replies":[{"embeddable":true,"href":"https:\/\/ambsanjose.esteri.it\/es\/wp-json\/wp\/v2\/comments?post=8756"}],"version-history":[{"count":2,"href":"https:\/\/ambsanjose.esteri.it\/es\/wp-json\/wp\/v2\/posts\/8756\/revisions"}],"predecessor-version":[{"id":8774,"href":"https:\/\/ambsanjose.esteri.it\/es\/wp-json\/wp\/v2\/posts\/8756\/revisions\/8774"}],"wp:featuredmedia":[{"embeddable":true,"href":"https:\/\/ambsanjose.esteri.it\/es\/wp-json\/wp\/v2\/media\/8749"}],"wp:attachment":[{"href":"https:\/\/ambsanjose.esteri.it\/es\/wp-json\/wp\/v2\/media?parent=8756"}],"wp:term":[{"taxonomy":"post_tag","embeddable":true,"href":"https:\/\/ambsanjose.esteri.it\/es\/wp-json\/wp\/v2\/tags?post=8756"}],"curies":[{"name":"wp","href":"https:\/\/api.w.org\/{rel}","templated":true}]}}