{"id":11463,"date":"2026-02-11T11:00:42","date_gmt":"2026-02-11T17:00:42","guid":{"rendered":"https:\/\/ambsanjose.esteri.it\/?p=11463"},"modified":"2026-02-11T11:00:42","modified_gmt":"2026-02-11T17:00:42","slug":"italian-sounding-articolo-su-el-financeiro","status":"publish","type":"post","link":"https:\/\/ambsanjose.esteri.it\/it\/news\/dall_ambasciata\/2026\/02\/italian-sounding-articolo-su-el-financeiro\/","title":{"rendered":"\u201cItalian Sounding\u201d: articolo su El Financeiro"},"content":{"rendered":"<p>La gastronomia italiana, riconosciuta per la sua qualit\u00e0, tradizione e profondo valore culturale, affronta una sfida crescente: il fenomeno dell\u2019Italian Sounding. Tale pratica utilizza nomi, simboli, colori o riferimenti associati all\u2019Italia per commercializzare prodotti che non sono di origine italiana n\u00e9 rispettano i metodi tradizionali di produzione, generando confusione tra i consumatori e danneggiando i produttori autentici.<\/p>\n<p>\u201cL\u2019Italian Sounding non \u00e8 una questione da poco n\u00e9 una semplice confusione commerciale. \u00c8 una pratica che colpisce la trasparenza del mercato, indebolisce la fiducia del consumatore e mette a rischio tradizioni che sono parte del patrimonio culturale dell\u2019Italia e del mondo\u201d, ha dichiarato Alberto Colella, Ambasciatore d\u2019Italia in Costa Rica.<\/p>\n<p>El Financeiro ha pubblicato un <a href=\"https:\/\/www.elfinancierocr.com\/negocios\/italian-sounding-la-estrategia-de-mercadeo-que-le\/FT5KP5646RANVOSI45PPTBB3JU\/story\/\"><strong>articolo<\/strong><\/a> sulla questione.<\/p>\n","protected":false},"excerpt":{"rendered":"La gastronomia italiana, riconosciuta per la sua qualit\u00e0, tradizione e profondo valore culturale, affronta una sfida crescente: il fenomeno dell\u2019Italian Sounding. Tale pratica utilizza nomi, simboli, colori o riferimenti associati all\u2019Italia per commercializzare prodotti che non sono di origine italiana n\u00e9 rispettano i metodi tradizionali di produzione, generando confusione tra i consumatori e danneggiando i [&hellip;]","protected":false},"author":5,"featured_media":11461,"comment_status":"closed","ping_status":"closed","sticky":false,"template":"","format":"standard","meta":{"footnotes":""},"tags":[8,13],"class_list":["post-11463","post","type-post","status-publish","format-standard","has-post-thumbnail","hentry","tag-diplomazia-economica","tag-patto-per-lexport"],"_links":{"self":[{"href":"https:\/\/ambsanjose.esteri.it\/it\/wp-json\/wp\/v2\/posts\/11463","targetHints":{"allow":["GET"]}}],"collection":[{"href":"https:\/\/ambsanjose.esteri.it\/it\/wp-json\/wp\/v2\/posts"}],"about":[{"href":"https:\/\/ambsanjose.esteri.it\/it\/wp-json\/wp\/v2\/types\/post"}],"author":[{"embeddable":true,"href":"https:\/\/ambsanjose.esteri.it\/it\/wp-json\/wp\/v2\/users\/5"}],"replies":[{"embeddable":true,"href":"https:\/\/ambsanjose.esteri.it\/it\/wp-json\/wp\/v2\/comments?post=11463"}],"version-history":[{"count":1,"href":"https:\/\/ambsanjose.esteri.it\/it\/wp-json\/wp\/v2\/posts\/11463\/revisions"}],"predecessor-version":[{"id":11465,"href":"https:\/\/ambsanjose.esteri.it\/it\/wp-json\/wp\/v2\/posts\/11463\/revisions\/11465"}],"wp:featuredmedia":[{"embeddable":true,"href":"https:\/\/ambsanjose.esteri.it\/it\/wp-json\/wp\/v2\/media\/11461"}],"wp:attachment":[{"href":"https:\/\/ambsanjose.esteri.it\/it\/wp-json\/wp\/v2\/media?parent=11463"}],"wp:term":[{"taxonomy":"post_tag","embeddable":true,"href":"https:\/\/ambsanjose.esteri.it\/it\/wp-json\/wp\/v2\/tags?post=11463"}],"curies":[{"name":"wp","href":"https:\/\/api.w.org\/{rel}","templated":true}]}}