{"id":1349,"date":"2023-10-19T20:27:29","date_gmt":"2023-10-20T02:27:29","guid":{"rendered":"https:\/\/ambsanjose.esteri.it\/news\/dall_ambasciata\/2023\/10\/concerto-del-duo-pianistico-spina\/"},"modified":"2023-11-14T14:27:13","modified_gmt":"2023-11-14T20:27:13","slug":"concerto-del-duo-pianistico-spina","status":"publish","type":"post","link":"https:\/\/ambsanjose.esteri.it\/it\/news\/dall_ambasciata\/2023\/10\/concerto-del-duo-pianistico-spina\/","title":{"rendered":"Concerto del duo pianistico Spina \u2013 Benignetti (Gioved\u00ec 2 novembre 2023 alle ore 19:00 nell&#8217;Aula Magna dell&#8217;UCR)."},"content":{"rendered":"<p>L&#8217;Ambasciata d&#8217;Italia in Costa Rica e l&#8217;Universit\u00e0 del Costa Rica invitano ad un <strong>concerto del duo pianistico Eleonora Spina e Michele Benignetti.<\/strong><\/p>\n<p><strong>Gioved\u00ec 2 novembre 2023, alle ore 19:00 nell&#8217;Aula Magna dell&#8217;UCR.<\/strong><\/p>\n<p>Il concerto sar\u00e0 preceduto da un cocktail alle 18:30. Ingresso gratuito.<br \/>\nAmpio parcheggio disponibile.<\/p>\n<p>Il duo Spina-Benignetti ha una solida esperienza sia nella musica da camera che in quella solistica. Hanno suonato nelle migliori sale da concerto del mondo. Hanno registrato l&#8217;opera completa di Johannes Brahms per due pianoforti, ricevendo ottime recensioni dalla stampa specializzata.<\/p>\n<p>Si prega di confermare la presenza alla email: <a href=\"mailto:segreteria.sanjose@esteri.it\">segreteria.sanjose@esteri.it<\/a><\/p>\n<p>&nbsp;<\/p>\n","protected":false},"excerpt":{"rendered":"L&#8217;Ambasciata d&#8217;Italia in Costa Rica e l&#8217;Universit\u00e0 del Costa Rica invitano ad un concerto del duo pianistico Eleonora Spina e Michele Benignetti. Gioved\u00ec 2 novembre 2023, alle ore 19:00 nell&#8217;Aula Magna dell&#8217;UCR. Il concerto sar\u00e0 preceduto da un cocktail alle 18:30. Ingresso gratuito. Ampio parcheggio disponibile. Il duo Spina-Benignetti ha una solida esperienza sia nella [&hellip;]","protected":false},"author":1,"featured_media":2313,"comment_status":"closed","ping_status":"closed","sticky":false,"template":"","format":"standard","meta":{"footnotes":""},"tags":[7],"class_list":["post-1349","post","type-post","status-publish","format-standard","has-post-thumbnail","hentry","tag-diplomazia-culturale"],"_links":{"self":[{"href":"https:\/\/ambsanjose.esteri.it\/it\/wp-json\/wp\/v2\/posts\/1349","targetHints":{"allow":["GET"]}}],"collection":[{"href":"https:\/\/ambsanjose.esteri.it\/it\/wp-json\/wp\/v2\/posts"}],"about":[{"href":"https:\/\/ambsanjose.esteri.it\/it\/wp-json\/wp\/v2\/types\/post"}],"author":[{"embeddable":true,"href":"https:\/\/ambsanjose.esteri.it\/it\/wp-json\/wp\/v2\/users\/1"}],"replies":[{"embeddable":true,"href":"https:\/\/ambsanjose.esteri.it\/it\/wp-json\/wp\/v2\/comments?post=1349"}],"version-history":[{"count":1,"href":"https:\/\/ambsanjose.esteri.it\/it\/wp-json\/wp\/v2\/posts\/1349\/revisions"}],"predecessor-version":[{"id":2315,"href":"https:\/\/ambsanjose.esteri.it\/it\/wp-json\/wp\/v2\/posts\/1349\/revisions\/2315"}],"wp:featuredmedia":[{"embeddable":true,"href":"https:\/\/ambsanjose.esteri.it\/it\/wp-json\/wp\/v2\/media\/2313"}],"wp:attachment":[{"href":"https:\/\/ambsanjose.esteri.it\/it\/wp-json\/wp\/v2\/media?parent=1349"}],"wp:term":[{"taxonomy":"post_tag","embeddable":true,"href":"https:\/\/ambsanjose.esteri.it\/it\/wp-json\/wp\/v2\/tags?post=1349"}],"curies":[{"name":"wp","href":"https:\/\/api.w.org\/{rel}","templated":true}]}}