{"id":1553,"date":"2023-03-27T18:00:49","date_gmt":"2023-03-28T00:00:49","guid":{"rendered":"https:\/\/ambsanjose.esteri.it\/news\/dall_ambasciata\/2023\/03\/jazz-italiano-a-san-jose-del-costa\/"},"modified":"2024-01-10T12:41:05","modified_gmt":"2024-01-10T18:41:05","slug":"jazz-italiano-a-san-jose-del-costa","status":"publish","type":"post","link":"https:\/\/ambsanjose.esteri.it\/it\/news\/dall_ambasciata\/2023\/03\/jazz-italiano-a-san-jose-del-costa\/","title":{"rendered":"Jazz italiano a San Jose\u2019 del Costa Rica."},"content":{"rendered":"<p>Un folto pubblico di appassionati ha assistito al concerto del \u201cMenconi Jazz trio\u201d, organizzato dall\u2019Ambasciata d\u2019Italia in Costa Rica e che si \u00e8 svolto il 23 marzo presso il Teatro Eugene O Neill a San Jos\u00e9.<\/p>\n<p>Vi hanno preso parte oltre 200 persone, appassionate di musica jazz ed entusiaste della qualit\u00e0 dell\u2019offerta musicale proposta.<\/p>\n<p>Alessio Menconi \u00e8 un musicista internazionale e uno dei maggiori chitarristi jazz italiani; ha suonato in pi\u00f9 di 40 paesi nei pi\u00f9 importanti teatri e festival jazz del mondo, collaborando da anni con musicisti come Billy Cobham Band, Paolo Conte, Jimmy Cobb. In questa occasione si \u00e8 unito ad altri due apprezzati musicisti europei, Alberto Gurrisi (all\u2019organo) e Paolo Orlandi (alla batteria).<\/p>\n<p>Il trio, guidato da Menconi, \u00e8 nato per celebrare il centenario della nascita di quello che \u00e8 considerato il pi\u00f9 grande chitarrista jazz di tutti i tempi: Wes Montgomery (Indianapolis, 6 marzo 1923 &#8211; 15 giugno 1968).<\/p>\n<p>Il trio ha eseguito, tra le altre, alcune composizioni di Montgomery e pezzi standard jazz italiani.<\/p>\n<p><img loading=\"lazy\" decoding=\"async\" class=\"alignnone size-medium wp-image-3025 img-fluid\" src=\"https:\/\/ambsanjose.esteri.it\/wp-content\/uploads\/2023\/03\/INVITO-MENCONI-JAZZ-TRIO-INSTA-300x300.jpg\" alt=\"\" width=\"300\" height=\"300\" srcset=\"https:\/\/ambsanjose.esteri.it\/wp-content\/uploads\/2023\/03\/INVITO-MENCONI-JAZZ-TRIO-INSTA-300x300.jpg 300w, https:\/\/ambsanjose.esteri.it\/wp-content\/uploads\/2023\/03\/INVITO-MENCONI-JAZZ-TRIO-INSTA-1024x1024.jpg 1024w, https:\/\/ambsanjose.esteri.it\/wp-content\/uploads\/2023\/03\/INVITO-MENCONI-JAZZ-TRIO-INSTA-150x150.jpg 150w, https:\/\/ambsanjose.esteri.it\/wp-content\/uploads\/2023\/03\/INVITO-MENCONI-JAZZ-TRIO-INSTA-768x768.jpg 768w, https:\/\/ambsanjose.esteri.it\/wp-content\/uploads\/2023\/03\/INVITO-MENCONI-JAZZ-TRIO-INSTA.jpg 1080w\" sizes=\"auto, (max-width: 300px) 100vw, 300px\" \/>\u00a0 \u00a0 \u00a0 \u00a0 <img loading=\"lazy\" decoding=\"async\" class=\"alignnone size-medium wp-image-3027 img-fluid\" src=\"https:\/\/ambsanjose.esteri.it\/wp-content\/uploads\/2023\/03\/Menconi-Jazz-Trio-INSTAGRAM--300x300.jpg\" alt=\"\" width=\"300\" height=\"300\" srcset=\"https:\/\/ambsanjose.esteri.it\/wp-content\/uploads\/2023\/03\/Menconi-Jazz-Trio-INSTAGRAM--300x300.jpg 300w, https:\/\/ambsanjose.esteri.it\/wp-content\/uploads\/2023\/03\/Menconi-Jazz-Trio-INSTAGRAM--1024x1024.jpg 1024w, https:\/\/ambsanjose.esteri.it\/wp-content\/uploads\/2023\/03\/Menconi-Jazz-Trio-INSTAGRAM--150x150.jpg 150w, https:\/\/ambsanjose.esteri.it\/wp-content\/uploads\/2023\/03\/Menconi-Jazz-Trio-INSTAGRAM--768x768.jpg 768w, https:\/\/ambsanjose.esteri.it\/wp-content\/uploads\/2023\/03\/Menconi-Jazz-Trio-INSTAGRAM-.jpg 1080w\" sizes=\"auto, (max-width: 300px) 100vw, 300px\" \/><\/p>\n","protected":false},"excerpt":{"rendered":"Un folto pubblico di appassionati ha assistito al concerto del \u201cMenconi Jazz trio\u201d, organizzato dall\u2019Ambasciata d\u2019Italia in Costa Rica e che si \u00e8 svolto il 23 marzo presso il Teatro Eugene O Neill a San Jos\u00e9. Vi hanno preso parte oltre 200 persone, appassionate di musica jazz ed entusiaste della qualit\u00e0 dell\u2019offerta musicale proposta. Alessio [&hellip;]","protected":false},"author":1,"featured_media":0,"comment_status":"closed","ping_status":"closed","sticky":false,"template":"","format":"standard","meta":{"footnotes":""},"tags":[7,12],"class_list":["post-1553","post","type-post","status-publish","format-standard","hentry","tag-diplomazia-culturale","tag-italiani-nel-mondo"],"_links":{"self":[{"href":"https:\/\/ambsanjose.esteri.it\/it\/wp-json\/wp\/v2\/posts\/1553","targetHints":{"allow":["GET"]}}],"collection":[{"href":"https:\/\/ambsanjose.esteri.it\/it\/wp-json\/wp\/v2\/posts"}],"about":[{"href":"https:\/\/ambsanjose.esteri.it\/it\/wp-json\/wp\/v2\/types\/post"}],"author":[{"embeddable":true,"href":"https:\/\/ambsanjose.esteri.it\/it\/wp-json\/wp\/v2\/users\/1"}],"replies":[{"embeddable":true,"href":"https:\/\/ambsanjose.esteri.it\/it\/wp-json\/wp\/v2\/comments?post=1553"}],"version-history":[{"count":1,"href":"https:\/\/ambsanjose.esteri.it\/it\/wp-json\/wp\/v2\/posts\/1553\/revisions"}],"predecessor-version":[{"id":3028,"href":"https:\/\/ambsanjose.esteri.it\/it\/wp-json\/wp\/v2\/posts\/1553\/revisions\/3028"}],"wp:attachment":[{"href":"https:\/\/ambsanjose.esteri.it\/it\/wp-json\/wp\/v2\/media?parent=1553"}],"wp:term":[{"taxonomy":"post_tag","embeddable":true,"href":"https:\/\/ambsanjose.esteri.it\/it\/wp-json\/wp\/v2\/tags?post=1553"}],"curies":[{"name":"wp","href":"https:\/\/api.w.org\/{rel}","templated":true}]}}