{"id":1562,"date":"2023-03-14T15:40:26","date_gmt":"2023-03-14T21:40:26","guid":{"rendered":"https:\/\/ambsanjose.esteri.it\/news\/dall_ambasciata\/2023\/03\/vi-invitiamo-al-concerto-del-trio\/"},"modified":"2023-03-14T15:40:26","modified_gmt":"2023-03-14T21:40:26","slug":"vi-invitiamo-al-concerto-del-trio","status":"publish","type":"post","link":"https:\/\/ambsanjose.esteri.it\/it\/news\/dall_ambasciata\/2023\/03\/vi-invitiamo-al-concerto-del-trio\/","title":{"rendered":"Vi invitiamo al concerto del trio Menconi Jazz al Teatro Eugene O Neill (Centro Cultural Costarricense-Norteamericano), gioved\u00ec 23 marzo alle ore 19.00."},"content":{"rendered":"<p>L&#8217;ingresso \u00e8 <strong>GRATUITO<\/strong> con lista.<\/p>\n<p>Si prega di confermare la propria presenza via e-mail: <a href=\"mailto:segreteria.sanjose@esteri.it\">segreteria.sanjose@esteri.it<\/a><\/p>\n<p>Alessio Menconi \u00e8 un musicista internazionale e uno dei pi\u00f9 grandi chitarristi jazz italiani, che ha suonato in pi\u00f9 di 40 paesi nei pi\u00f9 importanti teatri e festival jazz del mondo, collaborando da anni con musicisti come Billy Cobham Band, Paolo Conte, Jimmy Cobb&#8230; e in questa occasione si unisce ad altri due dei pi\u00f9 apprezzati musicisti europei, Alberto Guirrisi e Paolo Orlandi. Il trio, guidato da Menconi, \u00e8 nato per celebrare il centenario della nascita del loro eroe e del pi\u00f9 grande chitarrista jazz di tutti i tempi: Wes Montgomery (Indianapolis, 6 marzo 1923 &#8211; 15 giugno 1968).<\/p>\n<p>Il trio esegue le composizioni di Montgomery e altri brani caratteristici da lui registrati che eseguiva sia in piccoli ensemble che con orchestra. I brani saranno arrangiati e suonati in modo completamente nuovo, senza mai dimenticare il suono originale.<\/p>\n","protected":false},"excerpt":{"rendered":"L&#8217;ingresso \u00e8 GRATUITO con lista. Si prega di confermare la propria presenza via e-mail: segreteria.sanjose@esteri.it Alessio Menconi \u00e8 un musicista internazionale e uno dei pi\u00f9 grandi chitarristi jazz italiani, che ha suonato in pi\u00f9 di 40 paesi nei pi\u00f9 importanti teatri e festival jazz del mondo, collaborando da anni con musicisti come Billy Cobham Band, [&hellip;]","protected":false},"author":1,"featured_media":0,"comment_status":"","ping_status":"","sticky":false,"template":"","format":"standard","meta":{"footnotes":""},"tags":[],"class_list":["post-1562","post","type-post","status-publish","format-standard","hentry"],"_links":{"self":[{"href":"https:\/\/ambsanjose.esteri.it\/it\/wp-json\/wp\/v2\/posts\/1562","targetHints":{"allow":["GET"]}}],"collection":[{"href":"https:\/\/ambsanjose.esteri.it\/it\/wp-json\/wp\/v2\/posts"}],"about":[{"href":"https:\/\/ambsanjose.esteri.it\/it\/wp-json\/wp\/v2\/types\/post"}],"author":[{"embeddable":true,"href":"https:\/\/ambsanjose.esteri.it\/it\/wp-json\/wp\/v2\/users\/1"}],"replies":[{"embeddable":true,"href":"https:\/\/ambsanjose.esteri.it\/it\/wp-json\/wp\/v2\/comments?post=1562"}],"version-history":[{"count":0,"href":"https:\/\/ambsanjose.esteri.it\/it\/wp-json\/wp\/v2\/posts\/1562\/revisions"}],"wp:attachment":[{"href":"https:\/\/ambsanjose.esteri.it\/it\/wp-json\/wp\/v2\/media?parent=1562"}],"wp:term":[{"taxonomy":"post_tag","embeddable":true,"href":"https:\/\/ambsanjose.esteri.it\/it\/wp-json\/wp\/v2\/tags?post=1562"}],"curies":[{"name":"wp","href":"https:\/\/api.w.org\/{rel}","templated":true}]}}