{"id":3558,"date":"2024-02-15T10:01:09","date_gmt":"2024-02-15T16:01:09","guid":{"rendered":"https:\/\/ambsanjose.esteri.it\/?p=3558"},"modified":"2024-02-15T10:02:56","modified_gmt":"2024-02-15T16:02:56","slug":"presentato-il-logo-delle-celebrazioni-per-i-160-anni-delle-relazioni-diplomatiche-tra-italia-e-costa-rica","status":"publish","type":"post","link":"https:\/\/ambsanjose.esteri.it\/it\/news\/dall_ambasciata\/2024\/02\/presentato-il-logo-delle-celebrazioni-per-i-160-anni-delle-relazioni-diplomatiche-tra-italia-e-costa-rica\/","title":{"rendered":"Presentato il logo delle celebrazioni per i 160 anni delle relazioni diplomatiche tra Italia e Costa Rica."},"content":{"rendered":"<p>Il 2024 \u00e8 un anno importante nei rapporti tra Italia e Costa Rica: quest\u2019anno infatti ricorrono i 160 anni dello stabilimento delle relazioni diplomatiche tra i due paesi, e l\u2019apertura dell\u2019Ambasciata italiana in Costa Rica.<\/p>\n<p>1. I primi rapporti italo-costaricani risalgono al 1849, con il riconoscimento del Costa Rica da parte del Re delle due Sicilie; nel 1861 il Costa Rica riconobbe la trasformazione del Regno di Sardegna-Piemonte in Regno d\u2019Italia.<\/p>\n<p>Il 14 aprile 1863 fu firmato il\u00a0Trattato di Amicizia, di Commercio e di Navigazione\u00a0tra il Regno d\u2019Italia e la Repubblica di Costarica.<\/p>\n<p>La ratifica del Trattato da parte del Costarica \u00e8 del 5 gennaio 1864 mentre quella del Regno d\u2019Italia \u00e8 del 13 marzo dello stesso anno.\u00a0Lo scambio delle ratifiche ebbe luogo a Washington il 13 aprile 1864.<\/p>\n<p>Nel 1864 furono stabiliti rapporti diplomatici con l\u2019apertura dell\u2019Ambasciata italiana a San Jos\u00e8. L\u2019Italia fu uno dei primi paesi a stringere tali rapporti con il Costa Rica.<\/p>\n<p>2. Le relazioni bilaterali fra Italia e Costa Rica sono tradizionalmente molto cordiali e improntate a grande amicizia e collaborazione.<\/p>\n<p>Il Costa Rica \u00e8 <strong>importante per l\u2019Italia<\/strong>:<\/p>\n<p>&#8211; perch\u00e9 \u00e8 un paese democratico e stabile, che condivide con noi una serie di valori (libert\u00e0 fondamentali, Stato di diritto, multilateralismo); questa convergenza di interessi e di visione comune si estende alla politica estera, su temi prioritari come, ad esempio, la riforma del Consiglio di Sicurezza dell\u2019ONU, la tutela dei diritti umani e dell\u2019ambiente, e l\u2019abolizione della pena di morte;<br \/>\n&#8211; L\u2019immagine del nostro Paese in Costa Rica \u00e8 positiva: siamo visti come il paese dell\u2019arte, della cultura, della storia, il paese che ogni costaricano colto ambisce visitare e dove vuole effettuare i suoi studi.<br \/>\n&#8211; e per la <strong>importante presenza e influenza italiana<\/strong>: oltre ai circa 10.000 italiani residenti, si calcola vi siano circa 100.000 discendenti di italiani, immigrati di terza e quarta generazione molto influenti nella vita economica e sociale del paese.<\/p>\n<p>Il rafforzamento della cooperazione bilaterale \u00e8 favorito dai solidi rapporti commerciali tra Italia e Costa Rica, che sono attestati su livelli pi\u00f9 che soddisfacenti.<\/p>\n<p>&nbsp;<\/p>\n<p>3. Il logo del 160 anniversario ha un design moderno. Predisposto da Analaura Torrealba, rappresenta i colori delle bandiere dei due paesi uniti. Il simbolo dell\u2019infinito auspica che l\u2019amicizia e la collaborazione tra i due popoli duri per sempre.<\/p>\n<p>Si pu\u00f2 ben dire:<strong> Italia \u2013 Costa Rica: un\u2019amicizia che dura da 160 anni!<\/strong><\/p>\n","protected":false},"excerpt":{"rendered":"Il 2024 \u00e8 un anno importante nei rapporti tra Italia e Costa Rica: quest\u2019anno infatti ricorrono i 160 anni dello stabilimento delle relazioni diplomatiche tra i due paesi, e l\u2019apertura dell\u2019Ambasciata italiana in Costa Rica. 1. I primi rapporti italo-costaricani risalgono al 1849, con il riconoscimento del Costa Rica da parte del Re delle due [&hellip;]","protected":false},"author":5,"featured_media":3473,"comment_status":"closed","ping_status":"closed","sticky":false,"template":"","format":"standard","meta":{"footnotes":""},"tags":[7,12,14],"class_list":["post-3558","post","type-post","status-publish","format-standard","has-post-thumbnail","hentry","tag-diplomazia-culturale","tag-italiani-nel-mondo","tag-politica-estera"],"_links":{"self":[{"href":"https:\/\/ambsanjose.esteri.it\/it\/wp-json\/wp\/v2\/posts\/3558","targetHints":{"allow":["GET"]}}],"collection":[{"href":"https:\/\/ambsanjose.esteri.it\/it\/wp-json\/wp\/v2\/posts"}],"about":[{"href":"https:\/\/ambsanjose.esteri.it\/it\/wp-json\/wp\/v2\/types\/post"}],"author":[{"embeddable":true,"href":"https:\/\/ambsanjose.esteri.it\/it\/wp-json\/wp\/v2\/users\/5"}],"replies":[{"embeddable":true,"href":"https:\/\/ambsanjose.esteri.it\/it\/wp-json\/wp\/v2\/comments?post=3558"}],"version-history":[{"count":1,"href":"https:\/\/ambsanjose.esteri.it\/it\/wp-json\/wp\/v2\/posts\/3558\/revisions"}],"predecessor-version":[{"id":3561,"href":"https:\/\/ambsanjose.esteri.it\/it\/wp-json\/wp\/v2\/posts\/3558\/revisions\/3561"}],"wp:featuredmedia":[{"embeddable":true,"href":"https:\/\/ambsanjose.esteri.it\/it\/wp-json\/wp\/v2\/media\/3473"}],"wp:attachment":[{"href":"https:\/\/ambsanjose.esteri.it\/it\/wp-json\/wp\/v2\/media?parent=3558"}],"wp:term":[{"taxonomy":"post_tag","embeddable":true,"href":"https:\/\/ambsanjose.esteri.it\/it\/wp-json\/wp\/v2\/tags?post=3558"}],"curies":[{"name":"wp","href":"https:\/\/api.w.org\/{rel}","templated":true}]}}