{"id":4316,"date":"2024-05-02T09:40:08","date_gmt":"2024-05-02T15:40:08","guid":{"rendered":"https:\/\/ambsanjose.esteri.it\/?p=4316"},"modified":"2024-05-03T12:00:49","modified_gmt":"2024-05-03T18:00:49","slug":"lambasciata-a-san-jose-valorizza-lofferta-formativa-italiana","status":"publish","type":"post","link":"https:\/\/ambsanjose.esteri.it\/it\/news\/dall_ambasciata\/2024\/05\/lambasciata-a-san-jose-valorizza-lofferta-formativa-italiana\/","title":{"rendered":"L\u2019Ambasciata a San Jos\u00e8 valorizza l\u2019offerta formativa italiana."},"content":{"rendered":"<p>1. Si \u00e8 svolto il 29 aprile il webinar \u201cStudiare in Italia: esperienza formativa accademica e personale\u201d, teso a valorizzare l\u2019offerta formativa italiana e rivolto agli studenti costaricani interessati a studiare in Italia.<\/p>\n<p>Il webinar, organizzato insieme con la Direzione Relazioni internazionali dell\u2019Universit\u00e0 del Costa Rica (UCR) e in collaborazione con <a href=\"https:\/\/uni-italia.it\/\">Uni-Italia<\/a> (l\u2019agenzia per la promozione del sistema di istruzione superiore in Italia), ha registrato una importante partecipazione: piu&#8217; di 100 studenti collegati in varie modalit\u00e0 virtuali che hanno letteralmente \u201cbombardato\u201d di richieste e domande gli esperti presenti.<\/p>\n<p>Nell&#8217;intervento di apertura l&#8217;Ambasciatore ha sottolineato come l\u2019Italia abbia una lunga tradizione di eccellenza accademica, di arte e cultura, che la rende una delle destinazioni pi\u00f9 ambite dagli studenti internazionali. E che il percorso formativo intrapreso nel nostro Paese non solo fornisce una solida base accademica, ma arricchisce anche l\u2019esperienza personale e professionale dei giovani.<\/p>\n<p>Molto apprezzato l\u2019intervento di Viviana Gamboa, una ricercatrice costaricana che ha studiato sei anni nel nostro Paese: la sua testimonianza, il racconto delle sue esperienze e delle sfide che ha affrontato, e dei successi che ha ottenuto, sono state fonte di ispirazione ineguagliabile per capire cosa significhi studiare in Italia.<\/p>\n<p>Il video del seminario \u00e8 reperibile alla pagina <a href=\"https:\/\/www.facebook.com\/share\/v\/1eCQ4BcB5WSauY1x\/?mibextid=qi2Omg\">https:\/\/www.facebook.com\/share\/v\/1eCQ4BcB5WSauY1x\/?mibextid=qi2Omg<\/a>.<\/p>\n<p>2. Il webinar ha fatto seguito alla partecipazione dell&#8217;Ambasciata il 19 aprile alla Settimana Internazionale 2024 dell\u2019UCR, con uno stand \u2013 molto affollato, circa 200 giovani si sono soffermati a chiedere informazioni &#8211; nell\u2019ambito della fiera di internazionalizzazione dell\u2019Universit\u00e0.<\/p>\n<p>Entrambi gli eventi\u00a0avevano lo scopo di presentare agli studenti costaricani le istituzioni dell&#8217;istruzione superiore italiane e la loro offerta formativa, e hanno permesso di fornire informazioni sulle procedure e le formalit\u00e0 di iscrizione ai corsi universitari, sulle opportunit\u00e0 di borse di studio e sulle esperienze di studio offerte dalle Universit\u00e0 italiane.<\/p>\n<p>E entrambi gli eventi hanno in definitiva promosso l\u2019Italia come sistema Paese, fornendo ai singoli studenti tutte le informazioni necessarie per prendere una decisione informata sul loro futuro accademico, e per essere accompagnati in ogni fase del percorso e guidati verso una straordinaria esperienza di studio in Italia.<\/p>\n<p>3. Nel 2023 sono stati circa 150 gli studenti costaricani che hanno scelto di studiare in universit\u00e0 o istituzioni AFAM in Italia.<\/p>\n","protected":false},"excerpt":{"rendered":"1. Si \u00e8 svolto il 29 aprile il webinar \u201cStudiare in Italia: esperienza formativa accademica e personale\u201d, teso a valorizzare l\u2019offerta formativa italiana e rivolto agli studenti costaricani interessati a studiare in Italia. Il webinar, organizzato insieme con la Direzione Relazioni internazionali dell\u2019Universit\u00e0 del Costa Rica (UCR) e in collaborazione con Uni-Italia (l\u2019agenzia per la [&hellip;]","protected":false},"author":5,"featured_media":4318,"comment_status":"closed","ping_status":"closed","sticky":false,"template":"","format":"standard","meta":{"footnotes":""},"tags":[7,14],"class_list":["post-4316","post","type-post","status-publish","format-standard","has-post-thumbnail","hentry","tag-diplomazia-culturale","tag-politica-estera"],"_links":{"self":[{"href":"https:\/\/ambsanjose.esteri.it\/it\/wp-json\/wp\/v2\/posts\/4316","targetHints":{"allow":["GET"]}}],"collection":[{"href":"https:\/\/ambsanjose.esteri.it\/it\/wp-json\/wp\/v2\/posts"}],"about":[{"href":"https:\/\/ambsanjose.esteri.it\/it\/wp-json\/wp\/v2\/types\/post"}],"author":[{"embeddable":true,"href":"https:\/\/ambsanjose.esteri.it\/it\/wp-json\/wp\/v2\/users\/5"}],"replies":[{"embeddable":true,"href":"https:\/\/ambsanjose.esteri.it\/it\/wp-json\/wp\/v2\/comments?post=4316"}],"version-history":[{"count":2,"href":"https:\/\/ambsanjose.esteri.it\/it\/wp-json\/wp\/v2\/posts\/4316\/revisions"}],"predecessor-version":[{"id":4320,"href":"https:\/\/ambsanjose.esteri.it\/it\/wp-json\/wp\/v2\/posts\/4316\/revisions\/4320"}],"wp:featuredmedia":[{"embeddable":true,"href":"https:\/\/ambsanjose.esteri.it\/it\/wp-json\/wp\/v2\/media\/4318"}],"wp:attachment":[{"href":"https:\/\/ambsanjose.esteri.it\/it\/wp-json\/wp\/v2\/media?parent=4316"}],"wp:term":[{"taxonomy":"post_tag","embeddable":true,"href":"https:\/\/ambsanjose.esteri.it\/it\/wp-json\/wp\/v2\/tags?post=4316"}],"curies":[{"name":"wp","href":"https:\/\/api.w.org\/{rel}","templated":true}]}}