{"id":4930,"date":"2024-06-14T08:42:23","date_gmt":"2024-06-14T14:42:23","guid":{"rendered":"https:\/\/ambsanjose.esteri.it\/?p=4930"},"modified":"2024-06-14T12:44:49","modified_gmt":"2024-06-14T18:44:49","slug":"seminario-in-memoria-del-professor-nuccio-ordine-noto-filosofo-e-intellettuale-italiano-san-jose-11-giugno-2024","status":"publish","type":"post","link":"https:\/\/ambsanjose.esteri.it\/it\/news\/dall_ambasciata\/2024\/06\/seminario-in-memoria-del-professor-nuccio-ordine-noto-filosofo-e-intellettuale-italiano-san-jose-11-giugno-2024\/","title":{"rendered":"Seminario in memoria del professor Nuccio Ordine, noto filosofo e intellettuale italiano (San Jose\u2019, 11 giugno 2024)."},"content":{"rendered":"<p>1. Ad un anno dalla sua prematura scomparsa, l\u2019Ambasciata italiana e le tre Universit\u00e0 pubbliche del Costa\u00a0 Rica (l&#8217;Universit\u00e0 Nazionale &#8211; UNA, l&#8217;Istituto Tecnologico di Costa Rica &#8211; TEC, la Scuola di Studi Generali dell&#8217;Universit\u00e0 di Costa Rica \u2013 UCR) hanno organizzato l\u201911 giugno scorso un <strong>seminario internazionale per ricordare vita\u00a0 e pensiero del professor Nuccio Ordine<\/strong>, filosofo e intellettuale italiano di fama mondiale, vincitore tra l\u2019altro del Premio Principessa delle Asturie 2023.<\/p>\n<p>L&#8217;obiettivo del seminario era di celebrare la vita e l&#8217;opera di Nuccio Ordine, convinto <strong>sostenitore delle scienze umane<\/strong>, e di promuoverne lo studio in Costa Rica. Durante l&#8217;evento sono state affrontate tematiche relative al suo pensiero e al suo contributo accademico e scientifico.<\/p>\n<p>Dopo le introduzioni dell\u2019Ambasciatore Colella, del Rettore dell\u2019UNA e del Preside del Centro di studi generali, la prof.ssa Heidy Vega Garc\u00eda, che ha conosciuto Ordine e ne \u00e8 stata allieva, ha fornito una dettagliata panoramica della sua vita e opera scientifica.<\/p>\n<p>La prof.ssa Vega Garc\u00eda ha poi moderato una tavola rotonda intitolata &#8220;Nuccio Ordine e la difesa delle scienze umane&#8221;, alla quale hanno partecipato accademici provenienti dal Costa Rica e dall&#8217;Italia. Molto sentito il contributo dalla Calabria, dove Ordine viveva e insegnava, della sua assistente Sara Amendola, che ha parlato in particolare degli studi dello scienziato su Giordano Bruno.<\/p>\n<p>Nella seconda parte del seminario, gli accademici della Scuola di Studi Generali dell&#8217;UCR, Tatiana Herrera, Javier Ag\u00fcero Garc\u00eda e Randall Carrera Uma\u00f1a, hanno discusso il tema &#8220;L&#8217;universalit\u00e0 nel pensiero del professor Nuccio Ordine&#8221;.<br \/>\nHa concluso il seminario Jaime Ordo\u00f1ez Chac\u00f3n, direttore dell&#8217;Istituto Centroamericano di Governance (ICG), che ha offerto le sue riflessioni sull&#8217;eredit\u00e0 intellettuale di Nuccio Ordine.<\/p>\n<p style=\"margin: 0cm; margin-bottom: .0001pt; background: #F7F7F7;\"><span lang=\"IT\">2. Contestualmente al seminario, la Biblioteca universitaria della UNA ha organizzato una <strong>mostra dedicata ai principali libri scritti dal professor Ordine<\/strong>, in spagnolo e in italiano, al fine di promuoverne ulteriormente la conoscenza.<\/span><\/p>\n<p style=\"margin: 0cm; margin-bottom: .0001pt; background: #F7F7F7;\"><span lang=\"IT\"><br \/>\n3. L&#8217;evento ha riscosso un notevole successo, e provato l&#8217;ampio riconoscimento e l&#8217;apprezzamento del pensiero originale e delle opere del filosofo italiano anche nella piccola e lontana Costa Rica.<\/span><\/p>\n<p>La registrazione video del seminario e\u2019 alla pagina:\u00a0<a href=\"https:\/\/drive.google.com\/file\/d\/1RAdImtvDMyuqL6AZYbzA5eBLo2CkoK1G\/view\">https:\/\/drive.google.com\/file\/d\/1RAdImtvDMyuqL6AZYbzA5eBLo2CkoK1G\/view<\/a>.<\/p>\n<p>&nbsp;<\/p>\n<p>&nbsp;<\/p>\n","protected":false},"excerpt":{"rendered":"1. Ad un anno dalla sua prematura scomparsa, l\u2019Ambasciata italiana e le tre Universit\u00e0 pubbliche del Costa\u00a0 Rica (l&#8217;Universit\u00e0 Nazionale &#8211; UNA, l&#8217;Istituto Tecnologico di Costa Rica &#8211; TEC, la Scuola di Studi Generali dell&#8217;Universit\u00e0 di Costa Rica \u2013 UCR) hanno organizzato l\u201911 giugno scorso un seminario internazionale per ricordare vita\u00a0 e pensiero del professor [&hellip;]","protected":false},"author":4,"featured_media":4931,"comment_status":"closed","ping_status":"closed","sticky":false,"template":"","format":"standard","meta":{"footnotes":""},"tags":[7,12],"class_list":["post-4930","post","type-post","status-publish","format-standard","has-post-thumbnail","hentry","tag-diplomazia-culturale","tag-italiani-nel-mondo"],"_links":{"self":[{"href":"https:\/\/ambsanjose.esteri.it\/it\/wp-json\/wp\/v2\/posts\/4930","targetHints":{"allow":["GET"]}}],"collection":[{"href":"https:\/\/ambsanjose.esteri.it\/it\/wp-json\/wp\/v2\/posts"}],"about":[{"href":"https:\/\/ambsanjose.esteri.it\/it\/wp-json\/wp\/v2\/types\/post"}],"author":[{"embeddable":true,"href":"https:\/\/ambsanjose.esteri.it\/it\/wp-json\/wp\/v2\/users\/4"}],"replies":[{"embeddable":true,"href":"https:\/\/ambsanjose.esteri.it\/it\/wp-json\/wp\/v2\/comments?post=4930"}],"version-history":[{"count":2,"href":"https:\/\/ambsanjose.esteri.it\/it\/wp-json\/wp\/v2\/posts\/4930\/revisions"}],"predecessor-version":[{"id":4958,"href":"https:\/\/ambsanjose.esteri.it\/it\/wp-json\/wp\/v2\/posts\/4930\/revisions\/4958"}],"wp:featuredmedia":[{"embeddable":true,"href":"https:\/\/ambsanjose.esteri.it\/it\/wp-json\/wp\/v2\/media\/4931"}],"wp:attachment":[{"href":"https:\/\/ambsanjose.esteri.it\/it\/wp-json\/wp\/v2\/media?parent=4930"}],"wp:term":[{"taxonomy":"post_tag","embeddable":true,"href":"https:\/\/ambsanjose.esteri.it\/it\/wp-json\/wp\/v2\/tags?post=4930"}],"curies":[{"name":"wp","href":"https:\/\/api.w.org\/{rel}","templated":true}]}}