{"id":5348,"date":"2024-07-04T09:31:01","date_gmt":"2024-07-04T15:31:01","guid":{"rendered":"https:\/\/ambsanjose.esteri.it\/?p=5348"},"modified":"2024-07-04T09:32:02","modified_gmt":"2024-07-04T15:32:02","slug":"il-4-luglio-e-il-giorno-dedicato-allitalia-del-festival-del-cinema-europeo-a-san-jose","status":"publish","type":"post","link":"https:\/\/ambsanjose.esteri.it\/it\/news\/dall_ambasciata\/2024\/07\/il-4-luglio-e-il-giorno-dedicato-allitalia-del-festival-del-cinema-europeo-a-san-jose\/","title":{"rendered":"Il 4 luglio \u00e8 il giorno dedicato all&#8217;Italia del festival del cinema europeo a San Jos\u00e9."},"content":{"rendered":"<p>Gioved\u00ec 4 luglio \u00e8 la giornata dedicata all&#8217;Italia nell&#8217;ambito del Festival del Cinema Europeo al Magaly. Verranno proiettati due film italiani belli e profondi, con un tema davvero multinazionale ed europeo. Due film davvero europei!<\/p>\n<p>Si tratta di <em>Io sto bene<\/em> (2020), di Donato Rotunno, e di<em>\u00a0Il Boemo<\/em> di Petr V\u00e1clav.<\/p>\n<p><em>Io sto bene<\/em> racconta la storia di Antonio, che ha vissuto la sua intera vita in Lussemburgo, lontano dalla sua terra natale in Italia. Ormai in pensione e a pochi mesi dalla scomparsa di sua moglie Mady, incontra Leo, una giovane ragazza italiana che sta cercando di affermarsi nel mondo della musica come Video jockey. I loro destini collidono e in un gioco di ricordi tra passato e presente cercano di trovare un futuro migliore per entrambi.<\/p>\n<p><em>Il Boemo<\/em> \u00e8 invece una coproduzione italo-ceca del 2022 diretto da Petr V\u00e1clav ispirato alla vita del compositore Josef Myslive\u010dek e in particolare alla sua carriera in Italia. Il film racconta la storia di questo artista che si \u00e8 affermato nell&#8217;Italia del &#8216;700, immaginando quei passaggi della sua vita andati perduti attraverso i fatti storici, con l\u2019intento di ricostruire fedelmente lo spirito del suo tempo e la ricchezza dell\u2019Italia che a quell\u2019epoca fiorisce di corti e repubbliche desiderose di eccellere.<\/p>\n<p>La serata sar\u00e0 allietata da buona musica italiana e cocktail.<\/p>\n<p>Vi aspettiamo. I biglietti sono disponibili al botteghino del cinema.<\/p>\n<p><img loading=\"lazy\" decoding=\"async\" class=\"alignleft wp-image-5353 img-fluid\" src=\"https:\/\/ambsanjose.esteri.it\/wp-content\/uploads\/2024\/07\/WhatsApp-Image-2024-07-04-at-05.02.29-1-222x300.jpeg\" alt=\"\" width=\"273\" height=\"369\" srcset=\"https:\/\/ambsanjose.esteri.it\/wp-content\/uploads\/2024\/07\/WhatsApp-Image-2024-07-04-at-05.02.29-1-222x300.jpeg 222w, https:\/\/ambsanjose.esteri.it\/wp-content\/uploads\/2024\/07\/WhatsApp-Image-2024-07-04-at-05.02.29-1.jpeg 539w\" sizes=\"auto, (max-width: 273px) 100vw, 273px\" \/> <img loading=\"lazy\" decoding=\"async\" class=\"alignleft wp-image-5355 img-fluid\" src=\"https:\/\/ambsanjose.esteri.it\/wp-content\/uploads\/2024\/07\/WhatsApp-Image-2024-07-04-at-05.02.29-300x169.jpeg\" alt=\"\" width=\"433\" height=\"244\" srcset=\"https:\/\/ambsanjose.esteri.it\/wp-content\/uploads\/2024\/07\/WhatsApp-Image-2024-07-04-at-05.02.29-300x169.jpeg 300w, https:\/\/ambsanjose.esteri.it\/wp-content\/uploads\/2024\/07\/WhatsApp-Image-2024-07-04-at-05.02.29-1024x576.jpeg 1024w, https:\/\/ambsanjose.esteri.it\/wp-content\/uploads\/2024\/07\/WhatsApp-Image-2024-07-04-at-05.02.29-768x432.jpeg 768w, https:\/\/ambsanjose.esteri.it\/wp-content\/uploads\/2024\/07\/WhatsApp-Image-2024-07-04-at-05.02.29.jpeg 1200w\" sizes=\"auto, (max-width: 433px) 100vw, 433px\" \/><\/p>\n","protected":false},"excerpt":{"rendered":"Gioved\u00ec 4 luglio \u00e8 la giornata dedicata all&#8217;Italia nell&#8217;ambito del Festival del Cinema Europeo al Magaly. Verranno proiettati due film italiani belli e profondi, con un tema davvero multinazionale ed europeo. Due film davvero europei! Si tratta di Io sto bene (2020), di Donato Rotunno, e di\u00a0Il Boemo di Petr V\u00e1clav. Io sto bene racconta [&hellip;]","protected":false},"author":5,"featured_media":5349,"comment_status":"closed","ping_status":"closed","sticky":false,"template":"","format":"standard","meta":{"footnotes":""},"tags":[7,12,15],"class_list":["post-5348","post","type-post","status-publish","format-standard","has-post-thumbnail","hentry","tag-diplomazia-culturale","tag-italiani-nel-mondo","tag-unione-europea"],"_links":{"self":[{"href":"https:\/\/ambsanjose.esteri.it\/it\/wp-json\/wp\/v2\/posts\/5348","targetHints":{"allow":["GET"]}}],"collection":[{"href":"https:\/\/ambsanjose.esteri.it\/it\/wp-json\/wp\/v2\/posts"}],"about":[{"href":"https:\/\/ambsanjose.esteri.it\/it\/wp-json\/wp\/v2\/types\/post"}],"author":[{"embeddable":true,"href":"https:\/\/ambsanjose.esteri.it\/it\/wp-json\/wp\/v2\/users\/5"}],"replies":[{"embeddable":true,"href":"https:\/\/ambsanjose.esteri.it\/it\/wp-json\/wp\/v2\/comments?post=5348"}],"version-history":[{"count":3,"href":"https:\/\/ambsanjose.esteri.it\/it\/wp-json\/wp\/v2\/posts\/5348\/revisions"}],"predecessor-version":[{"id":5359,"href":"https:\/\/ambsanjose.esteri.it\/it\/wp-json\/wp\/v2\/posts\/5348\/revisions\/5359"}],"wp:featuredmedia":[{"embeddable":true,"href":"https:\/\/ambsanjose.esteri.it\/it\/wp-json\/wp\/v2\/media\/5349"}],"wp:attachment":[{"href":"https:\/\/ambsanjose.esteri.it\/it\/wp-json\/wp\/v2\/media?parent=5348"}],"wp:term":[{"taxonomy":"post_tag","embeddable":true,"href":"https:\/\/ambsanjose.esteri.it\/it\/wp-json\/wp\/v2\/tags?post=5348"}],"curies":[{"name":"wp","href":"https:\/\/api.w.org\/{rel}","templated":true}]}}