{"id":5408,"date":"2024-07-05T08:22:44","date_gmt":"2024-07-05T14:22:44","guid":{"rendered":"https:\/\/ambsanjose.esteri.it\/?p=5408"},"modified":"2024-07-05T08:30:22","modified_gmt":"2024-07-05T14:30:22","slug":"parte-il-nuovo-progetto-per-la-digitalizzazione-dellarchivio-storico-dellambasciata","status":"publish","type":"post","link":"https:\/\/ambsanjose.esteri.it\/it\/news\/dall_ambasciata\/2024\/07\/parte-il-nuovo-progetto-per-la-digitalizzazione-dellarchivio-storico-dellambasciata\/","title":{"rendered":"Parte il nuovo progetto per la digitalizzazione dell\u2019archivio storico dell\u2019Ambasciata."},"content":{"rendered":"<p>Si tratta del <strong>Registro di iscrizione dei nazionali in Costa Rica 1918-1960<\/strong>, un voluminoso registro nel quale nel corso degli anni sono state annotati (a mano!) gli arrivi in Costa Rica degli immigrati italiani, i loro dati anagrafici, le citt\u00e0 di origine, i membri delle loro famiglie, il loro lavoro.<\/p>\n<p>Un documento che ha un valore storico rilevante per il Costa Rica, e racconta la storia dell\u2019immigrazione italiana nel paese tra le due Guerre mondiali.<\/p>\n<p>Il Registro \u00e8 in via di digitalizzazione (per completare la digitalizzazione ci vorr\u00e0 per\u00f2 qualche mese), ed \u00e8 pubblicato sul<a href=\"https:\/\/ambsanjose.esteri.it\/it\/servizi-consolari-e-visti\/servizi-per-il-cittadino-straniero\/registro-di-iscrizione-dei-nazionali-in-costa-rica-1918-1960\/\"><strong> sito internet<\/strong><\/a> dell\u2019Ambasciata a disposizione di coloro che vogliano consultarlo.<\/p>\n<p>Dopo il completamento della digitalizzazione sara\u2019 inviato all\u2019Archivio storico del Ministero degli esteri italiano.<\/p>\n","protected":false},"excerpt":{"rendered":"Si tratta del Registro di iscrizione dei nazionali in Costa Rica 1918-1960, un voluminoso registro nel quale nel corso degli anni sono state annotati (a mano!) gli arrivi in Costa Rica degli immigrati italiani, i loro dati anagrafici, le citt\u00e0 di origine, i membri delle loro famiglie, il loro lavoro. Un documento che ha un [&hellip;]","protected":false},"author":5,"featured_media":5307,"comment_status":"closed","ping_status":"closed","sticky":false,"template":"","format":"standard","meta":{"footnotes":""},"tags":[7,12],"class_list":["post-5408","post","type-post","status-publish","format-standard","has-post-thumbnail","hentry","tag-diplomazia-culturale","tag-italiani-nel-mondo"],"_links":{"self":[{"href":"https:\/\/ambsanjose.esteri.it\/it\/wp-json\/wp\/v2\/posts\/5408","targetHints":{"allow":["GET"]}}],"collection":[{"href":"https:\/\/ambsanjose.esteri.it\/it\/wp-json\/wp\/v2\/posts"}],"about":[{"href":"https:\/\/ambsanjose.esteri.it\/it\/wp-json\/wp\/v2\/types\/post"}],"author":[{"embeddable":true,"href":"https:\/\/ambsanjose.esteri.it\/it\/wp-json\/wp\/v2\/users\/5"}],"replies":[{"embeddable":true,"href":"https:\/\/ambsanjose.esteri.it\/it\/wp-json\/wp\/v2\/comments?post=5408"}],"version-history":[{"count":1,"href":"https:\/\/ambsanjose.esteri.it\/it\/wp-json\/wp\/v2\/posts\/5408\/revisions"}],"predecessor-version":[{"id":5411,"href":"https:\/\/ambsanjose.esteri.it\/it\/wp-json\/wp\/v2\/posts\/5408\/revisions\/5411"}],"wp:featuredmedia":[{"embeddable":true,"href":"https:\/\/ambsanjose.esteri.it\/it\/wp-json\/wp\/v2\/media\/5307"}],"wp:attachment":[{"href":"https:\/\/ambsanjose.esteri.it\/it\/wp-json\/wp\/v2\/media?parent=5408"}],"wp:term":[{"taxonomy":"post_tag","embeddable":true,"href":"https:\/\/ambsanjose.esteri.it\/it\/wp-json\/wp\/v2\/tags?post=5408"}],"curies":[{"name":"wp","href":"https:\/\/api.w.org\/{rel}","templated":true}]}}