{"id":8028,"date":"2025-03-07T12:01:41","date_gmt":"2025-03-07T18:01:41","guid":{"rendered":"https:\/\/ambsanjose.esteri.it\/?p=8028"},"modified":"2025-03-07T12:01:41","modified_gmt":"2025-03-07T18:01:41","slug":"evento-proiezione-docu-serie-mano-dopera","status":"publish","type":"post","link":"https:\/\/ambsanjose.esteri.it\/it\/news\/dall_ambasciata\/2025\/03\/evento-proiezione-docu-serie-mano-dopera\/","title":{"rendered":"Evento: Proiezione docu-serie \u201cMano d\u2019Opera\u201d"},"content":{"rendered":"<p>L\u2019Ambasciata d\u2019Italia ha l\u2019onore di invitare il pubblico alla proiezione della docuserie \u201cMano d\u2019Opera\u201d, che si terr\u00e0 il 12 ed il 19 marzo 2025 presso la Sala Cullell, Scuola di Arti Musicali, Universit\u00e0 del Costa Rica.<\/p>\n<p>In due episodi speciali, la docuserie vi porter\u00e0 in un esclusivo tour dietro le quinte di alcuni dei pi\u00f9 iconici teatri d&#8217;opera italiani: il Teatro Massimo di Palermo, il Maggio Fiorentino, l\u2019Arena di Verona, Verona Accademia e il Teatro alla Scala di Milano.<\/p>\n<p>La proiezione sar\u00e0 un\u2019occasione unica per scoprire la storia e l&#8217;evoluzione dei principali mestieri dell&#8217;opera lirica italiana (luci, costumi e scenografia) attraverso le testimonianze dei professionisti che operano lontano dagli sguardi del pubblico.<\/p>\n<p>Immergendosi in questo viaggio, il pubblico avr\u00e0 una prospettiva nuova ed affascinante su queste istituzioni centrali per la vita culturale del paese e sulle professioni &#8220;invisibili&#8221; che rendono possibile quest&#8217;antica forma d&#8217;espressione artistica.<\/p>\n<p>Chi \u00e8 interessato pu\u00f2 scrivere a: <a href=\"mailto:segreteria.sanjose@esteri.it\">segreteria.sanjose@esteri.it<\/a><\/p>\n<p>Vi aspettiamo per condividere insieme questa affascinante esperienza!<\/p>\n","protected":false},"excerpt":{"rendered":"L\u2019Ambasciata d\u2019Italia ha l\u2019onore di invitare il pubblico alla proiezione della docuserie \u201cMano d\u2019Opera\u201d, che si terr\u00e0 il 12 ed il 19 marzo 2025 presso la Sala Cullell, Scuola di Arti Musicali, Universit\u00e0 del Costa Rica. In due episodi speciali, la docuserie vi porter\u00e0 in un esclusivo tour dietro le quinte di alcuni dei pi\u00f9 [&hellip;]","protected":false},"author":5,"featured_media":8030,"comment_status":"closed","ping_status":"closed","sticky":false,"template":"","format":"standard","meta":{"footnotes":""},"tags":[7],"class_list":["post-8028","post","type-post","status-publish","format-standard","has-post-thumbnail","hentry","tag-diplomazia-culturale"],"_links":{"self":[{"href":"https:\/\/ambsanjose.esteri.it\/it\/wp-json\/wp\/v2\/posts\/8028","targetHints":{"allow":["GET"]}}],"collection":[{"href":"https:\/\/ambsanjose.esteri.it\/it\/wp-json\/wp\/v2\/posts"}],"about":[{"href":"https:\/\/ambsanjose.esteri.it\/it\/wp-json\/wp\/v2\/types\/post"}],"author":[{"embeddable":true,"href":"https:\/\/ambsanjose.esteri.it\/it\/wp-json\/wp\/v2\/users\/5"}],"replies":[{"embeddable":true,"href":"https:\/\/ambsanjose.esteri.it\/it\/wp-json\/wp\/v2\/comments?post=8028"}],"version-history":[{"count":1,"href":"https:\/\/ambsanjose.esteri.it\/it\/wp-json\/wp\/v2\/posts\/8028\/revisions"}],"predecessor-version":[{"id":8032,"href":"https:\/\/ambsanjose.esteri.it\/it\/wp-json\/wp\/v2\/posts\/8028\/revisions\/8032"}],"wp:featuredmedia":[{"embeddable":true,"href":"https:\/\/ambsanjose.esteri.it\/it\/wp-json\/wp\/v2\/media\/8030"}],"wp:attachment":[{"href":"https:\/\/ambsanjose.esteri.it\/it\/wp-json\/wp\/v2\/media?parent=8028"}],"wp:term":[{"taxonomy":"post_tag","embeddable":true,"href":"https:\/\/ambsanjose.esteri.it\/it\/wp-json\/wp\/v2\/tags?post=8028"}],"curies":[{"name":"wp","href":"https:\/\/api.w.org\/{rel}","templated":true}]}}