{"id":8131,"date":"2025-03-28T12:35:19","date_gmt":"2025-03-28T18:35:19","guid":{"rendered":"https:\/\/ambsanjose.esteri.it\/?p=8131"},"modified":"2025-03-31T12:31:59","modified_gmt":"2025-03-31T18:31:59","slug":"anteprima-del-film-parthenope","status":"publish","type":"post","link":"https:\/\/ambsanjose.esteri.it\/it\/news\/dall_ambasciata\/2025\/03\/anteprima-del-film-parthenope\/","title":{"rendered":"Anteprima del film \u201cParthenope\u201d"},"content":{"rendered":"<p><i><span style=\"font-family: 'Calibri',sans-serif; color: black;\">Il 26 marzo 2025, l\u2019Ambasciata d\u2019Italia in Costa Rica ha ospitato l\u2019anteprima del nuovo film Parthenope, scritto e diretto dal premio Oscar Paolo Sorrentino. In questo lavoro, Sorrentino ha voluto rendere omaggio alla sua citt\u00e0 natale, Napoli, offrendo uno sguardo intimo e visionario sul percorso di crescita di Parthenope, una giovane donna, e sul suo complesso rapporto con una terra tanto amata quanto intrisa di contraddizioni.<\/span><\/i><\/p>\n<p><span style=\"font-family: 'Calibri',sans-serif; color: black;\">\u00a0<\/span><i><span style=\"font-family: 'Calibri',sans-serif; color: black;\">La proiezione del film, che si \u00e8 svolta nella sala grande del Cine Magaly di San Jos\u00e9, ha riscosso un grande successo tra il pubblico, sia italiano che internazionale, che ha apprezzato la potenza narrativa e lo stile unico del regista napoletano.<\/span><\/i><\/p>\n<p><i><span style=\"font-family: 'Calibri',sans-serif; color: black;\">\u00a0<\/span><\/i><i><span style=\"font-family: 'Calibri',sans-serif; color: black;\">Nel corso dell\u2019evento, \u00e8 stato anche annunciato il III Festival del Cinema Italiano, che si terr\u00e0 a San Jos\u00e9 dal 24 al 27 aprile 2025.<\/span><\/i><\/p>\n<p><img loading=\"lazy\" decoding=\"async\" class=\"alignnone size-medium wp-image-8149 img-fluid\" src=\"https:\/\/ambsanjose.esteri.it\/wp-content\/uploads\/2025\/03\/Parthenope-1-300x200.jpeg\" alt=\"\" width=\"300\" height=\"200\" srcset=\"https:\/\/ambsanjose.esteri.it\/wp-content\/uploads\/2025\/03\/Parthenope-1-300x200.jpeg 300w, https:\/\/ambsanjose.esteri.it\/wp-content\/uploads\/2025\/03\/Parthenope-1-1024x683.jpeg 1024w, https:\/\/ambsanjose.esteri.it\/wp-content\/uploads\/2025\/03\/Parthenope-1-768x512.jpeg 768w, https:\/\/ambsanjose.esteri.it\/wp-content\/uploads\/2025\/03\/Parthenope-1.jpeg 1920w\" sizes=\"auto, (max-width: 300px) 100vw, 300px\" \/> <img loading=\"lazy\" decoding=\"async\" class=\"alignnone size-medium wp-image-8151 img-fluid\" src=\"https:\/\/ambsanjose.esteri.it\/wp-content\/uploads\/2025\/03\/Parthenope-2-300x200.jpeg\" alt=\"\" width=\"300\" height=\"200\" srcset=\"https:\/\/ambsanjose.esteri.it\/wp-content\/uploads\/2025\/03\/Parthenope-2-300x200.jpeg 300w, https:\/\/ambsanjose.esteri.it\/wp-content\/uploads\/2025\/03\/Parthenope-2-1024x683.jpeg 1024w, https:\/\/ambsanjose.esteri.it\/wp-content\/uploads\/2025\/03\/Parthenope-2-768x512.jpeg 768w, https:\/\/ambsanjose.esteri.it\/wp-content\/uploads\/2025\/03\/Parthenope-2.jpeg 1920w\" sizes=\"auto, (max-width: 300px) 100vw, 300px\" \/><\/p>\n<p>&nbsp;<\/p>\n","protected":false},"excerpt":{"rendered":"Il 26 marzo 2025, l\u2019Ambasciata d\u2019Italia in Costa Rica ha ospitato l\u2019anteprima del nuovo film Parthenope, scritto e diretto dal premio Oscar Paolo Sorrentino. In questo lavoro, Sorrentino ha voluto rendere omaggio alla sua citt\u00e0 natale, Napoli, offrendo uno sguardo intimo e visionario sul percorso di crescita di Parthenope, una giovane donna, e sul suo [&hellip;]","protected":false},"author":4,"featured_media":8081,"comment_status":"closed","ping_status":"closed","sticky":false,"template":"","format":"standard","meta":{"footnotes":""},"tags":[],"class_list":["post-8131","post","type-post","status-publish","format-standard","has-post-thumbnail","hentry"],"_links":{"self":[{"href":"https:\/\/ambsanjose.esteri.it\/it\/wp-json\/wp\/v2\/posts\/8131","targetHints":{"allow":["GET"]}}],"collection":[{"href":"https:\/\/ambsanjose.esteri.it\/it\/wp-json\/wp\/v2\/posts"}],"about":[{"href":"https:\/\/ambsanjose.esteri.it\/it\/wp-json\/wp\/v2\/types\/post"}],"author":[{"embeddable":true,"href":"https:\/\/ambsanjose.esteri.it\/it\/wp-json\/wp\/v2\/users\/4"}],"replies":[{"embeddable":true,"href":"https:\/\/ambsanjose.esteri.it\/it\/wp-json\/wp\/v2\/comments?post=8131"}],"version-history":[{"count":2,"href":"https:\/\/ambsanjose.esteri.it\/it\/wp-json\/wp\/v2\/posts\/8131\/revisions"}],"predecessor-version":[{"id":8154,"href":"https:\/\/ambsanjose.esteri.it\/it\/wp-json\/wp\/v2\/posts\/8131\/revisions\/8154"}],"wp:featuredmedia":[{"embeddable":true,"href":"https:\/\/ambsanjose.esteri.it\/it\/wp-json\/wp\/v2\/media\/8081"}],"wp:attachment":[{"href":"https:\/\/ambsanjose.esteri.it\/it\/wp-json\/wp\/v2\/media?parent=8131"}],"wp:term":[{"taxonomy":"post_tag","embeddable":true,"href":"https:\/\/ambsanjose.esteri.it\/it\/wp-json\/wp\/v2\/tags?post=8131"}],"curies":[{"name":"wp","href":"https:\/\/api.w.org\/{rel}","templated":true}]}}