{"id":9868,"date":"2025-09-17T08:07:48","date_gmt":"2025-09-17T14:07:48","guid":{"rendered":"https:\/\/ambsanjose.esteri.it\/?p=9868"},"modified":"2025-09-17T08:07:48","modified_gmt":"2025-09-17T14:07:48","slug":"retrospettiva-su-pietro-germi-al-centro-de-cine-di-san-jose","status":"publish","type":"post","link":"https:\/\/ambsanjose.esteri.it\/it\/news\/dall_ambasciata\/2025\/09\/retrospettiva-su-pietro-germi-al-centro-de-cine-di-san-jose\/","title":{"rendered":"Retrospettiva su Pietro Germi al Centro de Cine di San Jos\u00e9"},"content":{"rendered":"<p>L\u2019Ambasciata d\u2019Italia , in collaborazione con il Centro de Cine Costarricense, \u00e8 lieta di presentare una retrospettiva dedicata al celebre regista italiano <strong>Pietro Germi<\/strong>, che si terr\u00e0 dal <strong>24 al 27 settembre 2025<\/strong> presso il <strong>Centro de Cine di San Jos\u00e9<\/strong>.<\/p>\n<p>I film saranno presentati dal noto critico cinematografico <strong>Mario Giacomelli<\/strong>, che guider\u00e0 il pubblico alla scoperta dello stile e dell\u2019impatto culturale di Germi.<\/p>\n<p>L\u2019Ambasciata d\u2019Italia invita alla <strong>inaugurazione della retrospettiva<\/strong> mercoled\u00ec <strong>24 settembre alle ore 18:30<\/strong> per un <strong>vino d\u2019onore<\/strong>, prima della proiezione del film <em>Il ferroviere<\/em> alle ore 19:00.<\/p>\n<p><strong>Programma della retrospettiva:<\/strong><\/p>\n<ul>\n<li><strong>Mercoled\u00ec 24 settembre<\/strong> \u2013 <em>Il ferroviere<\/em> (1956)<\/li>\n<li><strong>Gioved\u00ec 25 settembre<\/strong> \u2013 <em>Divorzio all\u2019italiana<\/em> (1961)<\/li>\n<li><strong>Venerd\u00ec 26 settembre<\/strong> \u2013 <em>Sedotta e abbandonata<\/em> (1964)<\/li>\n<li><strong>Sabato 27 settembre<\/strong> \u2013 <em>Signore e signori<\/em> (1966)<\/li>\n<\/ul>\n<p><em>Tutte le proiezioni inizieranno alle ore 19:00.<\/em><\/p>\n<p>Per informazioni e prenotazioni scrivere a: <strong><a href=\"mailto:segreteria.sanjose@esteri.it\">segreteria.sanjose@esteri.it<\/a><\/strong><\/p>\n","protected":false},"excerpt":{"rendered":"L\u2019Ambasciata d\u2019Italia , in collaborazione con il Centro de Cine Costarricense, \u00e8 lieta di presentare una retrospettiva dedicata al celebre regista italiano Pietro Germi, che si terr\u00e0 dal 24 al 27 settembre 2025 presso il Centro de Cine di San Jos\u00e9. I film saranno presentati dal noto critico cinematografico Mario Giacomelli, che guider\u00e0 il pubblico [&hellip;]","protected":false},"author":5,"featured_media":9871,"comment_status":"closed","ping_status":"closed","sticky":false,"template":"","format":"standard","meta":{"footnotes":""},"tags":[7,12],"class_list":["post-9868","post","type-post","status-publish","format-standard","has-post-thumbnail","hentry","tag-diplomazia-culturale","tag-italiani-nel-mondo"],"_links":{"self":[{"href":"https:\/\/ambsanjose.esteri.it\/it\/wp-json\/wp\/v2\/posts\/9868","targetHints":{"allow":["GET"]}}],"collection":[{"href":"https:\/\/ambsanjose.esteri.it\/it\/wp-json\/wp\/v2\/posts"}],"about":[{"href":"https:\/\/ambsanjose.esteri.it\/it\/wp-json\/wp\/v2\/types\/post"}],"author":[{"embeddable":true,"href":"https:\/\/ambsanjose.esteri.it\/it\/wp-json\/wp\/v2\/users\/5"}],"replies":[{"embeddable":true,"href":"https:\/\/ambsanjose.esteri.it\/it\/wp-json\/wp\/v2\/comments?post=9868"}],"version-history":[{"count":1,"href":"https:\/\/ambsanjose.esteri.it\/it\/wp-json\/wp\/v2\/posts\/9868\/revisions"}],"predecessor-version":[{"id":9885,"href":"https:\/\/ambsanjose.esteri.it\/it\/wp-json\/wp\/v2\/posts\/9868\/revisions\/9885"}],"wp:featuredmedia":[{"embeddable":true,"href":"https:\/\/ambsanjose.esteri.it\/it\/wp-json\/wp\/v2\/media\/9871"}],"wp:attachment":[{"href":"https:\/\/ambsanjose.esteri.it\/it\/wp-json\/wp\/v2\/media?parent=9868"}],"wp:term":[{"taxonomy":"post_tag","embeddable":true,"href":"https:\/\/ambsanjose.esteri.it\/it\/wp-json\/wp\/v2\/tags?post=9868"}],"curies":[{"name":"wp","href":"https:\/\/api.w.org\/{rel}","templated":true}]}}